{"id":13545,"date":"2021-09-27T18:07:02","date_gmt":"2021-09-27T15:07:02","guid":{"rendered":"http:\/\/www.scurtpe2.ro\/?p=13545"},"modified":"2021-09-27T18:07:02","modified_gmt":"2021-09-27T15:07:02","slug":"mort-in-accident","status":"publish","type":"post","link":"https:\/\/scurtpe2.ro\/?p=13545","title":{"rendered":"MORT \u00ceN ACCIDENT"},"content":{"rendered":"<p class=\"yiv6734130370ydp21d5234cmsonormal\" style=\"background: white;\"><span lang=\"EN-US\" style=\"font-size: 18.0pt; color: #1d2228;\">Trgedie cumplit\u0103 \u00een aceast\u0103 diminea\u021b\u0103, pe Drumul European 85, \u00een localitatea Oreavu. Un b\u0103rbat de 44 de ani din R\u00e2mnicu S\u0103rat a murit dup\u0103 ce autoturismul pe care \u00eel conducea s-a ciocnit violent cu o autoutilitar\u0103 la volanul c\u0103reia se afla tot un r\u00e2mnicean.<\/span><\/p>\n<p class=\"yiv6734130370ydp21d5234cmsonormal\" style=\"background: white;\"><span lang=\"EN-US\" style=\"font-size: 18.0pt; color: #1d2228;\">Poli\u021bi\u0219tii au deschis un dosar penal \u0219i continu\u0103 cercet\u0103rile pentru stabilirea \u00eemprejur\u0103rilor exacte \u00een care s-a produs accidentul.<\/span><\/p>\n","protected":false},"excerpt":{"rendered":"<p>Trgedie cumplit\u0103 \u00een aceast\u0103 diminea\u021b\u0103, pe Drumul European 85, \u00een localitatea Oreavu. Un b\u0103rbat de 44 de ani din R\u00e2mnicu S\u0103rat a murit dup\u0103 ce autoturismul pe care \u00eel conducea s-a ciocnit violent cu o autoutilitar\u0103 la volanul c\u0103reia se afla tot un r\u00e2mnicean. Poli\u021bi\u0219tii au deschis un dosar penal \u0219i continu\u0103 cercet\u0103rile pentru stabilirea \u00eemprejur\u0103rilor exacte \u00een care s-a produs accidentul.<\/p>\n","protected":false},"author":4,"featured_media":10044,"comment_status":"closed","ping_status":"closed","sticky":false,"template":"","format":"standard","meta":{"footnotes":""},"categories":[165],"tags":[3180,3174,4931],"class_list":["post-13545","post","type-post","status-publish","format-standard","has-post-thumbnail","hentry","category-informatia-de-ramnic","tag-accident","tag-sofer","tag-violent"],"gutentor_comment":0,"_links":{"self":[{"href":"https:\/\/scurtpe2.ro\/index.php?rest_route=\/wp\/v2\/posts\/13545","targetHints":{"allow":["GET"]}}],"collection":[{"href":"https:\/\/scurtpe2.ro\/index.php?rest_route=\/wp\/v2\/posts"}],"about":[{"href":"https:\/\/scurtpe2.ro\/index.php?rest_route=\/wp\/v2\/types\/post"}],"author":[{"embeddable":true,"href":"https:\/\/scurtpe2.ro\/index.php?rest_route=\/wp\/v2\/users\/4"}],"replies":[{"embeddable":true,"href":"https:\/\/scurtpe2.ro\/index.php?rest_route=%2Fwp%2Fv2%2Fcomments&post=13545"}],"version-history":[{"count":0,"href":"https:\/\/scurtpe2.ro\/index.php?rest_route=\/wp\/v2\/posts\/13545\/revisions"}],"wp:featuredmedia":[{"embeddable":true,"href":"https:\/\/scurtpe2.ro\/index.php?rest_route=\/wp\/v2\/media\/10044"}],"wp:attachment":[{"href":"https:\/\/scurtpe2.ro\/index.php?rest_route=%2Fwp%2Fv2%2Fmedia&parent=13545"}],"wp:term":[{"taxonomy":"category","embeddable":true,"href":"https:\/\/scurtpe2.ro\/index.php?rest_route=%2Fwp%2Fv2%2Fcategories&post=13545"},{"taxonomy":"post_tag","embeddable":true,"href":"https:\/\/scurtpe2.ro\/index.php?rest_route=%2Fwp%2Fv2%2Ftags&post=13545"}],"curies":[{"name":"wp","href":"https:\/\/api.w.org\/{rel}","templated":true}]}}