{"id":13540,"date":"2021-09-24T21:05:51","date_gmt":"2021-09-24T18:05:51","guid":{"rendered":"http:\/\/www.scurtpe2.ro\/?p=13540"},"modified":"2021-09-24T21:05:51","modified_gmt":"2021-09-24T18:05:51","slug":"anunt-3","status":"publish","type":"post","link":"https:\/\/scurtpe2.ro\/?p=13540","title":{"rendered":"ANUN\u021a"},"content":{"rendered":"<p>MUNICIPIUL RM.S\u00c4\u201aRAT<\/p>\n<p>STRADA NICOLAE B\u00c4\u201aLCESCU NR.1<\/p>\n<p>TEL.0238\/561946; fax 0238\/561947<\/p>\n<p>Web: <a href=\"http:\/\/www.primariermsarat.ro\">www.primariermsarat.ro<\/a><\/p>\n<p style=\"text-align: center;\"><strong>ANUNT<\/strong><\/p>\n<p><strong>\u00c2\u00a0<\/strong><strong>\u00c2\u00a0\u00c2\u00a0\u00c2\u00a0\u00c2\u00a0\u00c2\u00a0\u00c2\u00a0\u00c2\u00a0\u00c2\u00a0\u00c2\u00a0 <\/strong>In temeiul art.133, alin.(1), lit.a), art.134, si art.135, alin.(4) din O.U.G nr.57\/2019 privind Codul administrativ, cu modificarile si completarile ulterioare, Primarul Municipiului Rm.Sarat convoaca Consiliul Local al Municipiului Rm.Sarat in sedinta ordinara care va avea loc in data de <strong>30.09.2021, orele 15<sup>00<\/sup><\/strong> in Sala de sedinte a Primariei Municipiului Rm.Sarat, strada Nicolae Balcescu nr.1, judetul Buzau, cu urmatoarea ordine de zi:<\/p>\n<ol>\n<li>Proiect de hotarare privind aprobarea rectificarii bugetului local de venituri si cheltuieli al Municipiului Rm.Sarat pe anul 2021;<\/li>\n<li>Proiect de hotarare privind aprobarea rezultatului final la evaluarea finala a managementului desfasurat in perioada 2016-2021 la Centrul Cultural &#8222;\u0153Florica Cristoforeanu&#8221;\u009d Rm.Sarat, stabilirea termenului pentru depunerea unui nou proiect de management si intocmirea caietului de obiective;<\/li>\n<li>Proiect de hotarare privind aprobarea fondului de premiere a cuplurilor din Municipiul Rm.Sarat care au implinit\/implinesc 50 de ani de casatorie in anul 2021;<\/li>\n<li>Proiect de hotarare privind aprobarea documentatiei tehnico-economice (faza Studiu de fezabilitate) si a indicatorilor tehnico-economici pentru obiectivul de investitie (proiectul) &#8222;\u017eExecutie lucrari de amenajare doua locuri de joaca&#8221;\u009d, in Zona Urbana Marginalizata a Municipiului Rm.Sarat in vederea depunerii fisei de proiect &#8211;<strong>APEL de fi\u0219e de proiecte<\/strong> <strong>POR\/GAL.SUS.RAMNICUL\/2021\/9\/3\/9.1;<\/strong><\/li>\n<li>Proiect de hotarare privind aprobarea documentatiei tehnico-economice (faza Studiu de fezabilitate) si a indicatorilor tehnico-economici pentru obiectivul de investitie (proiectul) &#8222;\u017eExecutare lucrari de amenajare a trei terenuri sintetice pentru activitati sportive (pozitia 1- 2 terenuri)&#8221;\u009d, in Zona Urbana Marginalizata a Municipiului Rm.Sarat in vederea depunerii fisei de proiect &#8211;<strong>APEL de fi\u0219e de proiecte<\/strong> <strong>POR\/GAL.SUS.RAMNICUL\/2021\/9\/3\/9.1<\/strong>;<\/li>\n<li>Proiect de hotarare privind aprobarea rezultatului final al selectiei privind regimul finantarilor nerambursabile alocate de la bugetul local pentru activitati nonprofit de interes general pentru anul 2021- domeniile cultura, civic, social, protectia mediului;<\/li>\n<li>Proiect de hotarare privind aprobarea rezultatului final al selectiei privind regimul finantarilor nerambursabile alocate de la bugetul local pentru activitati nonprofit de interes general pentru anul 2021- domeniul sport;<\/li>\n<li>Proiect de hotarare privind aprobarea rectificarii bugetului de venituri si cheltuieli al S.C ACVATERM S.A Rm.Sarat pe anul 2021;<\/li>\n<li>Proiect de hotarare privind aducerea la cunostinta actionarului unic al S.C ACVATERM S.A Rm.Sarat &#8211; Municipiul Rm.Sarat prin Consiliul Local al Municipiului Rm.Sarat a necesitatii achizitionarii de catre societate a unei autovidanje in regim second-hand, avand ca sursa de finantare fonduri proprii;<\/li>\n<li>Proiect de hotarare privind aprobarea contractarii unui credit pentru investitii in valoare de 400.000 lei pe o perioada de 5 ani, de catre S.C ACVATERM S.A Rm.Sarat, in conformitate cu Programul de investitii al societatii;<\/li>\n<\/ol>\n<ol start=\"11\">\n<li>Proiect de hotarare privind exprimarea acordului Municipiului Rm.Sarat ca<\/li>\n<\/ol>\n<p>S.C COMPANIA DE APA S.A Buzau, in calitate de titulara a investitiei &#8222;\u017eInlocuire retele de distributie apa si bransamente pe strazile Maior Nedelcu, Gheorghe Munteanu Murgoci, Pitaresei si Grebanului, Municipiul Rm.Sarat, judetul Buzau&#8221;\u009d sa execute lucrarile aferente investitiei mentionate, pe domeniul public al Municipiului Rm.Sarat (teren in suprafata totala de 611,4 mp), precum si punerea la dispozitia S.C COMPANIA DE APA S.A Buzau\u00c2\u00a0 a terenului necesar efectuarii investitiei mai sus mentionate, pana la efectuarea receptiei la terminarea lucrarilor<strong>;<\/strong><\/p>\n<ol start=\"12\">\n<li>Proiect de hotarare privind exprimarea acordului Municipiului Rm.Sarat ca<\/li>\n<\/ol>\n<p>S.C COMPANIA DE APA S.A Buzau, in calitate de titulara a investitiei &#8222;\u017eInlocuire retele distributie de apa si bransamente pe strazile Aleea Stelelor-CT 202 si Intrarea Craitei &#8222;\u201cCT 807, Municipiul Rm.Sarat, judetul Buzau&#8221;\u009d sa execute lucrarile aferente investitiei mentionate, pe domeniul public al Municipiului Rm.Sarat (teren in suprafata totala de 342 mp), precum si punerea la dispozitia S.C COMPANIA DE APA S.A Buzau\u00c2\u00a0 a terenului necesar efectuarii investitiei mai sus mentionate, pana la efectuarea receptiei la terminarea lucrarilor;<\/p>\n<ol start=\"13\">\n<li>Proiect de hotarare privind aprobarea acordarii unui drept de superficie, cu titlu oneros, fara licitatie publica, asupra suprafetei de teren de 299 mp (suprafata masurata) apartinand domeniului privat al Municipiului Rm.Sarat, teren situat in Municipiul Rm.Sarat, cartier Bariera Focsani (parcela 212), strada Oltului nr.49, judetul Buzau, pe care este executata infrastructura unei cladiri\u00c2\u00a0 cu destinatia de locuinta, aflata la stadiul de executie-fundatie, ce a facut obiectul contractului de vanzare autentificat sub nr.350\/05.03.2021, catre domnul Rosca Dragos, coroborat cu incetarea atribuirii in folosinta gratuita a aceluiasi teren catre doamna Ion (actual Fus) Ramona Valentina;<\/li>\n<li>Proiect de hotarare privind aprobarea v\u00e2nz\u0103rii \u0219i \u00eencheierii contractului de v\u00e2nzare a unui imobil &#8222;\u201c cu destina\u021bia de locuin\u021b\u0103 din fondul locativ de stat, apar\u021bin\u00e2nd domeniului privat al Municipiului R\u00e2mnicu S\u0103rat, situat \u00een Municipiul R\u00e2mnicu S\u0103rat, strada Toamnei (Aleea Smirdan), bloc 11C, scara B, etaj 4, apartament nr. 40, jude\u021bul Buz\u0103u, catre doamna Shabalin (fosta Marin) Paula-Rozalia;<\/li>\n<li>Proiect de hotarare privind aprobarea dezmembrarii unui imobil (teren si constructii) in suprafata de 200.551 mp, avand numarul cadastral 36389, teren situat in Municipiul Rm.Sarat, strada Focsani nr.21, judetul Buzau, in patru loturi;<\/li>\n<li>Proiect de hotarare privind aprobarea documentatiei de atribuire pentru contractul de delegare prin concesiune a gestiunii Serviciului public de salubrizare al Municipiului Rm.Sarat pentru activitatea privind &#8222;\u017ematuratul, spalatul, stropirea si intretinerea cailor publice&#8221;\u009d;<\/li>\n<li>Proiect de hotarare privind solicitarea de arondare a creselor \u00c2\u00ab\u00c2\u00a0Mugurasii\u00c2\u00a0\u00c2\u00bb si \u00c2\u00ab\u00c2\u00a0Lumea Copilariei\u00c2\u00a0\u00c2\u00bb din Municipiul Rm.Sarat, structuri apartinand Directiei de Asistenta Sociala Rm.Sarat, la Gradinita cu Program Prelungit \u00c2\u00ab\u00c2\u00a0Mugurasii\u00c2\u00a0\u00c2\u00bb, respectiv Gradinita cu Program Prelungit \u00c2\u00ab\u00c2\u00a0Lumea Copilariei\u00c2\u00a0\u00c2\u00bb, unitati de invatamant prescolar cu program prelungit, cu personalitate juridica, din Municipiul Rm.Sarat\u00c2\u00a0;<\/li>\n<li>Proiect de hotarare privind numirea pentru anul scolar 2021-2022 a reprezentantilor Consiliului local al Municipiului Rm.Sarat ca membri ai Consiliilor de Administratie ale unitatilor din invatamantul preuniversitar de stat din Municipiul Rm.Sarat\u00c2\u00a0;<\/li>\n<li>Proiect de hotarare privind numirea pentru anul scolar 2021-2022 a reprezentantilor Consiliului local al Municipiului Rm.Sarat ca membri ai Comisiilor pentru evaluarea si asigurarea calitatii din unitatile de invatamantul preuniversitar de stat din Municipiul Rm.Sarat.<\/li>\n<\/ol>\n<p><strong>Alte probleme ale activitatii curente:<\/strong><\/p>\n<ol>\n<li>Raport privind petitiile adresate Consiliului local al Municipiului Rm.Sarat in perioada 21.08.2021-20.09.2021;<\/li>\n<li>Informare a Serviciului Impozite si Taxe Locale cu privire la calculul impozitului pe cladirile nerezidentiale detinute in proprietate de persoanele fizice si persoanele juridice;<\/li>\n<li>Raportul Camerei de Conturi Buzau nr.900\/06.08.2021 privind modul de ducere la indeplinire a masurilor dispuse prin Decizia nr.6\/26.03.2019, transmis de catre S.C TUC S.A Rm. Sarat prin adresa nr.1064\/14.09.2021;<\/li>\n<li>Hotararea nr.1\/17.09.2021 a Consiliului de Administratie al Spitalului Municipal Rm.Sarat &#8222;\u201c aprobare a Planului de rezilienta al Spitalului Municipal Rm.Sarat;<\/li>\n<li>Informarea nr.18612\/20.09.2021 a Biroului Monitorizarea si Indrumarea Unitatilor de Invatamant si Intreprinderilor Publice referitoare la adresa nr.2227\/09.09.2021 a Colegiului National &#8222;\u0153Alexandru Vlahuta&#8221;\u009d Rm.Sarat, respectiv adresa nr.1760\/15.09.2021 a Liceului Tehnologic &#8222;\u0153Victor Frunza&#8221;\u009d Rm.Sarat;<\/li>\n<\/ol>\n<p>Adresa nr.11548\/21.09.2021 a Institutiei Prefectului-Judetul Buzau, inregistrata la sediul Primariei Municipiului Rm.Sarat sub nr.19459\/23.09.2021, referitoare la memoriul transmis de catre Primarul Municipiului Rm.Sarat si consilierii locali din cadrul Consiliului Local Rm.Sarat referitor la eventuala decizie de reinchidere a Spitalului Municipal Rm.Sarat pentru pacientii non-COVID.<\/p>\n<p>Public\u0103m ast\u0103zi 24.09.2021 pe site-ul Prim\u0103riei <u><a href=\"http:\/\/www.primariermsarat.ro\">www.primariermsarat.ro<\/a> <\/u>la Sectiunea Consiliul local\/Proiecte de hot\u0103r\u00e2ri, proiectele de hot\u0103r\u00e2re mai sus mentionate si afisam la avizier Procesul verbal de afisare nr.\u00c2\u00a0\u00c2\u00a0\u00c2\u00a0\u00c2\u00a0\u00c2\u00a0\u00c2\u00a0\u00c2\u00a0\u00c2\u00a0\u00c2\u00a0\u00c2\u00a0\u00c2\u00a0\u00c2\u00a0\u00c2\u00a0\u00c2\u00a0\u00c2\u00a0\u00c2\u00a0 \u00c2\u00a0\u00c2\u00a0\u00c2\u00a0\u00c2\u00a0\u00c2\u00a0\u00c2\u00a0\u00c2\u00a0\u00c2\u00a0\u00c2\u00a0984\/24.09.2021.<\/p>\n<p><strong>\u00c2\u00a0<\/strong><\/p>\n<p><strong>Primar,<\/strong><\/p>\n<p><strong>C\u00ceRJAN SORIN-VALENTIN<\/strong><\/p>\n<p>&nbsp;<\/p>\n<p>ROM\u00c3\u201aNIA<\/p>\n<p>JUDE\u00c5\u00a2UL BUZ\u00c4\u201aU<\/p>\n<p>MUNICIPIUL R\u00c3\u201aMNICU S\u00c4\u201aRAT<\/p>\n<p><strong>\u00c2\u00a0\u00c2\u00a0\u00c2\u00a0\u00c2\u00a0\u00c2\u00a0\u00c2\u00a0\u00c2\u00a0\u00c2\u00a0\u00c2\u00a0\u00c2\u00a0\u00c2\u00a0\u00c2\u00a0\u00c2\u00a0\u00c2\u00a0\u00c2\u00a0\u00c2\u00a0\u00c2\u00a0\u00c2\u00a0\u00c2\u00a0\u00c2\u00a0 PRIMAR<\/strong><\/p>\n<p><strong>\u00c2\u00a0<\/strong><\/p>\n<p><strong>\u00c2\u00a0<\/strong><\/p>\n<p><strong>DISPOZITIE<\/strong><\/p>\n<p><strong>de convocare <\/strong><strong>a\u00c2\u00a0 Consiliului\u00c2\u00a0 Local <\/strong><\/p>\n<p><strong>in<\/strong> <strong>\u0219edinta de lucru ordinara in\u00c2\u00a0 data\u00c2\u00a0 de 30.09.2021<\/strong><\/p>\n<p>&nbsp;<\/p>\n<p>Primarul Municipiului Rm. Sarat, judetul Buzau<\/p>\n<p>Avand in vedere prevederile art.133, alin.(1), art.134 din O.U.G nr.57\/2019 privind Codul administrativ, cu modificarile si completarile ulterioare coroborat cu Regulamentul de organizare si functionare al Consiliului Local al Municipiului Rm.Sarat, cu modificarile si completarile ulterioare;<\/p>\n<p>In temeiul art. 196, alin.(1), lit.b) din O.U.G nr.57\/2019 privind Codul administrativ, cu modificarile si completarile ulterioare;<\/p>\n<p>&nbsp;<\/p>\n<p><strong>\u00c2\u00a0<\/strong><\/p>\n<p><strong>DISPUN:<\/strong><\/p>\n<p><strong>\u00c2\u00a0<\/strong><\/p>\n<p><strong>Art.1.<\/strong> (1) Se convoaca Consiliul local al Municipiului Rm.Sarat in sedinta ordinara in data de\u00c2\u00a0 <strong>30.09.2021, orele 15<sup>00<\/sup><\/strong> in Sala de sedinte a Primariei Municipiului Rm.Sarat, strada Nicolae Balcescu nr.1, judetul Buzau.<\/p>\n<p>(2) Desfasurarea sedintei ordinare a Consiliului Local al Municipiului Rm.Sarat din data de 30.09.2021 se va realiza cu participarea fizica a consilierilor locali.<\/p>\n<p><strong>Art.2. <\/strong>(1) Proiectul ordinii de zi a sedintei ordinare din data de 30.09.2021 este prevazut in Anexa care face parte integranta din prezenta dispozitie.<\/p>\n<p>(2)\u00c2\u00a0 Proiectul ordinii de zi a sedintei ordinare din data de 30.09.2021 se aduce la cunostinta publica prin afisare pe pagina de internet a unitatii administrativ -teritoriale <a href=\"http:\/\/www.primariermsarat.ro\">www.primariermsarat.ro<\/a>, respectiv prin afisare la avizierul Primariei Municipiului Rm.Sarat.<\/p>\n<p><strong>Art.3.<\/strong> Consilierii locali vor prelua materialele inscrise pe proiectul ordinii de zi, in format electronic (CD), pe semnatura acestora, semnatura inscrisa in convocatorul pus la dispozitie in acest sens sau le pot descarca de pe pagina de internet a unitatii administrativ -teritoriale <a href=\"http:\/\/www.primariermsarat.ro\">www.primariermsarat.ro<\/a>.<\/p>\n<p><strong>Art.4<\/strong>. Membrii Consiliului Local al Municipiului Rm.Sarat sunt invitati sa formuleze si sa depuna amendamente asupra proiectelor de hotarari inscrise pe proiectul ordinii de zi prevazut in anexa la prezenta dispozitie.<\/p>\n<p><strong>Art.5.<\/strong> Secretarul general al municipiului Rm.Sarat va comunica prezenta dispozi\u021bie autorit\u0103\u021bilor \u0219i persoanelor interesate in conformitate cu prevederile art.135, alin.(4), respectiv in conformitate cu prevederile art.243, alin.(1), lit.e) din O.U.G nr.57\/2019 privind Codul administrativ, cu modificarile si completarile ulterioare.<\/p>\n<p>&nbsp;<\/p>\n<p><strong>\u00c2\u00a0\u00c2\u00a0\u00c2\u00a0\u00c2\u00a0\u00c2\u00a0\u00c2\u00a0 <\/strong><\/p>\n<p><strong>\u00c2\u00a0\u00c2\u00a0\u00c2\u00a0\u00c2\u00a0\u00c2\u00a0\u00c2\u00a0\u00c2\u00a0\u00c2\u00a0\u00c2\u00a0 Primar,\u00c2\u00a0\u00c2\u00a0\u00c2\u00a0\u00c2\u00a0\u00c2\u00a0\u00c2\u00a0\u00c2\u00a0\u00c2\u00a0\u00c2\u00a0\u00c2\u00a0\u00c2\u00a0\u00c2\u00a0\u00c2\u00a0\u00c2\u00a0\u00c2\u00a0\u00c2\u00a0\u00c2\u00a0\u00c2\u00a0\u00c2\u00a0\u00c2\u00a0\u00c2\u00a0\u00c2\u00a0\u00c2\u00a0\u00c2\u00a0\u00c2\u00a0\u00c2\u00a0\u00c2\u00a0\u00c2\u00a0\u00c2\u00a0\u00c2\u00a0\u00c2\u00a0\u00c2\u00a0\u00c2\u00a0\u00c2\u00a0\u00c2\u00a0\u00c2\u00a0\u00c2\u00a0\u00c2\u00a0\u00c2\u00a0 Contrasemneaza pentru legalitate,<\/strong><\/p>\n<p><strong>\u00c2\u00a0\u00c2\u00a0\u00c2\u00a0\u00c2\u00a0 Cirjan Sorin-Valentin\u00c2\u00a0\u00c2\u00a0\u00c2\u00a0\u00c2\u00a0\u00c2\u00a0\u00c2\u00a0\u00c2\u00a0\u00c2\u00a0\u00c2\u00a0\u00c2\u00a0\u00c2\u00a0\u00c2\u00a0\u00c2\u00a0\u00c2\u00a0\u00c2\u00a0\u00c2\u00a0\u00c2\u00a0\u00c2\u00a0\u00c2\u00a0\u00c2\u00a0\u00c2\u00a0\u00c2\u00a0\u00c2\u00a0\u00c2\u00a0\u00c2\u00a0\u00c2\u00a0\u00c2\u00a0\u00c2\u00a0\u00c2\u00a0\u00c2\u00a0\u00c2\u00a0\u00c2\u00a0\u00c2\u00a0\u00c2\u00a0\u00c2\u00a0\u00c2\u00a0 \u00c2\u00a0Secretar general, <\/strong><\/p>\n<p><strong>\u00c2\u00a0\u00c2\u00a0\u00c2\u00a0\u00c2\u00a0\u00c2\u00a0\u00c2\u00a0\u00c2\u00a0\u00c2\u00a0\u00c2\u00a0\u00c2\u00a0\u00c2\u00a0\u00c2\u00a0\u00c2\u00a0\u00c2\u00a0\u00c2\u00a0\u00c2\u00a0\u00c2\u00a0\u00c2\u00a0\u00c2\u00a0\u00c2\u00a0\u00c2\u00a0\u00c2\u00a0\u00c2\u00a0\u00c2\u00a0\u00c2\u00a0\u00c2\u00a0\u00c2\u00a0\u00c2\u00a0\u00c2\u00a0\u00c2\u00a0\u00c2\u00a0\u00c2\u00a0\u00c2\u00a0\u00c2\u00a0\u00c2\u00a0\u00c2\u00a0\u00c2\u00a0\u00c2\u00a0\u00c2\u00a0\u00c2\u00a0\u00c2\u00a0\u00c2\u00a0\u00c2\u00a0\u00c2\u00a0\u00c2\u00a0\u00c2\u00a0\u00c2\u00a0\u00c2\u00a0\u00c2\u00a0\u00c2\u00a0\u00c2\u00a0\u00c2\u00a0\u00c2\u00a0\u00c2\u00a0\u00c2\u00a0\u00c2\u00a0\u00c2\u00a0\u00c2\u00a0\u00c2\u00a0\u00c2\u00a0 \u00c2\u00a0\u00c2\u00a0\u00c2\u00a0\u00c2\u00a0\u00c2\u00a0\u00c2\u00a0\u00c2\u00a0Vagyas-Davidoiu Manuela<\/strong><\/p>\n<p><strong>\u00c2\u00a0<\/strong><\/p>\n<p><strong>\u00c2\u00a0<\/strong><strong>\u00c2\u00a0<\/strong><\/p>\n<p><strong>\u00c2\u00a0<\/strong><\/p>\n<p><strong>Nr. <u>984<\/u><\/strong><\/p>\n<p><strong>Rm. Sarat <u>24.09.2021<\/u><\/strong><\/p>\n<p>&nbsp;<\/p>\n<p>Anexa la Dispozitia nr.________________<\/p>\n<p style=\"text-align: center;\">\n<p style=\"text-align: center;\"><strong>PROIECT AL ORDINII DE ZI<\/strong><\/p>\n<p style=\"text-align: center;\">cuprinzand materialele propuse spre analiza si aprobare Consiliului Local al Municipiului Rm.Sarat in sedinta ordinara din 30.09.2021<\/p>\n<p>&nbsp;<\/p>\n<table width=\"659\">\n<tbody>\n<tr>\n<td width=\"44\"><strong>Nr.<\/strong><\/p>\n<p><strong>crt.<\/strong><\/td>\n<td width=\"247\"><strong>Continutul <\/strong><\/p>\n<p><strong>documentului<\/strong><\/td>\n<td width=\"132\"><strong>Comisia de specialitate a Consiliului Local care acorda avizul<\/strong><\/td>\n<td width=\"142\"><strong>Compartimentul<\/strong><\/p>\n<p><strong>de resort din cadrul aparatului de specialitate al primarului care intocmeste raportul de specialitate<\/strong><\/td>\n<td width=\"94\"><strong>Vot necesar<\/strong><\/td>\n<\/tr>\n<tr>\n<td width=\"44\">1.<\/td>\n<td width=\"247\">Proiect de hotarare nr.187\/24.09.2021 privind aprobarea rectificarii bugetului local de venituri si cheltuieli al Municipiului Rm.Sarat pe anul 2021<\/p>\n<p>&#8211; initiator -Cirjan Sorin-Valentin- Primar<\/td>\n<td width=\"132\">Comisia pentru activitati economico-financiare si agricultura<\/p>\n<p>&nbsp;<\/p>\n<p>Comisia juridica, de disciplina si validare<\/p>\n<p>&nbsp;<\/p>\n<p>Comisia pentru amenajarea teritoriului,<\/p>\n<p>urbanism, protectie mediu si turism<\/p>\n<p>&nbsp;<\/p>\n<p>Comisia pentru cultura, culte, invatamant, munca, sanatate\u00c2\u00a0 si protectia persoanelor aflate in nevoie<\/td>\n<td width=\"142\">Directia economica\/<\/p>\n<p>Serviciul Buget-Contabilitate<\/p>\n<p>&nbsp;<\/td>\n<td width=\"94\">Majoritate absoluta<\/td>\n<\/tr>\n<tr>\n<td width=\"44\">2.<\/td>\n<td width=\"247\">Proiect de hotarare nr.188\/24.09.2021 privind aprobarea rezultatului final la evaluarea finala a managementului desfasurat in perioada 2016-2021 la Centrul Cultural &#8222;\u0153Florica Cristoforeanu&#8221;\u009d Rm.Sarat, stabilirea termenului pentru depunerea unui nou proiect de management si intocmirea caietului de obiective<\/p>\n<p>&#8211; initiator -Cirjan Sorin-Valentin- Primar<\/td>\n<td width=\"132\">Comisia juridica, de disciplina si validare<\/p>\n<p>&nbsp;<\/p>\n<p>Comisia pentru cultura, culte, invatamant, munca, sanatate\u00c2\u00a0 si protectia persoanelor aflate in nevoie<\/td>\n<td width=\"142\">Birou Resurse umane si indrumarea si sprijinirea unitatilor de sanatate<\/p>\n<p>&nbsp;<\/td>\n<td width=\"94\">Majoritate simpla<\/td>\n<\/tr>\n<tr>\n<td width=\"44\">3.<\/td>\n<td width=\"247\">Proiect de hotarare nr.189\/24.09.2021 privind aprobarea fondului de premiere a cuplurilor din Municipiul Rm.Sarat care au implinit\/implinesc 50 de ani de casatorie in anul 2021<\/p>\n<p>&#8211; initiator -Cirjan Sorin-Valentin- Primar<\/td>\n<td width=\"132\">Comisia pentru activitati economico-financiare si agricultura<\/p>\n<p>&nbsp;<\/p>\n<p>Comisia pentru cultura, culte, invatamant, munca, sanatate\u00c2\u00a0 si protectia persoanelor aflate in nevoie<\/td>\n<td width=\"142\">Directia economica\/<\/p>\n<p>Serviciul Buget-Contabilitate<\/p>\n<p>&nbsp;<\/td>\n<td width=\"94\">Majoritate simpla<\/td>\n<\/tr>\n<tr>\n<td width=\"44\">4.<\/td>\n<td width=\"247\">Proiect de hotarare nr.190\/24.09.2021 privind aprobarea documentatiei tehnico-economice (faza Studiu de fezabilitate) si a indicatorilor tehnico-economici pentru obiectivul de investitie (proiectul) &#8222;\u017eExecutie lucrari de amenajare doua locuri de joaca&#8221;\u009d, in Zona Urbana Marginalizata a Municipiului Rm.Sarat in vederea depunerii fisei de proiect &#8211;<strong>APEL de fi\u0219e de proiecte<\/strong> <strong>POR\/GAL.SUS.RAMNICUL\/2021\/9\/3\/9.1<\/strong><\/p>\n<p>&#8211; initiator -Cirjan Sorin-Valentin- Primar<\/td>\n<td width=\"132\">Comisia pentru activitati economico-financiare si agricultura<\/p>\n<p>&nbsp;<\/p>\n<p>Comisia juridica, de disciplina si validare<\/p>\n<p>&nbsp;<\/p>\n<p>Comisia pentru amenajarea teritoriului,<\/p>\n<p>urbanism, protectie mediu si turism<\/p>\n<p>&nbsp;<\/p>\n<p>Comisia pentru cultura, culte, invatamant, munca, sanatate\u00c2\u00a0 si protectia persoanelor aflate in nevoie<\/td>\n<td width=\"142\">Directia economica\/<\/p>\n<p>Serviciul Buget-Contabilitate\/<\/p>\n<p>Compartiment Programe cu Finantare Externa\/<\/p>\n<p>Compartiment Investitii<\/p>\n<p>&nbsp;<\/td>\n<td width=\"94\">Majoritate simpla<\/td>\n<\/tr>\n<tr>\n<td width=\"44\">5.<\/td>\n<td width=\"247\">Proiect de hotarare nr.191\/24.09.2021 privind aprobarea documentatiei tehnico-economice (faza Studiu de fezabilitate) si a indicatorilor tehnico-economici pentru obiectivul de investitie (proiectul) &#8222;\u017eExecutare lucrari de amenajare a trei terenuri sintetice pentru activitati sportive (pozitia 1- 2 terenuri)&#8221;\u009d, in Zona Urbana Marginalizata a Municipiului Rm.Sarat in vederea depunerii fisei de proiect &#8211;<strong>APEL de fi\u0219e de proiecte<\/strong> <strong>POR\/GAL.SUS.RAMNICUL\/2021\/9\/3\/9.1<\/strong><\/p>\n<p>&#8211; initiator -Cirjan Sorin-Valentin- Primar<\/td>\n<td width=\"132\">Comisia pentru activitati economico-financiare si agricultura<\/p>\n<p>&nbsp;<\/p>\n<p>Comisia juridica, de disciplina si validare<\/p>\n<p>&nbsp;<\/p>\n<p>Comisia pentru amenajarea teritoriului,<\/p>\n<p>urbanism, protectie mediu si turism<\/p>\n<p>&nbsp;<\/p>\n<p>Comisia pentru cultura, culte, invatamant, munca, sanatate\u00c2\u00a0 si protectia persoanelor aflate in nevoie<\/td>\n<td width=\"142\">Directia economica\/<\/p>\n<p>Serviciul Buget-Contabilitate\/<\/p>\n<p>Compartiment Programe cu Finantare Externa\/<\/p>\n<p>Compartiment Investitii<\/p>\n<p>&nbsp;<\/td>\n<td width=\"94\">Majoritate simpla<\/td>\n<\/tr>\n<tr>\n<td width=\"44\">6.<\/td>\n<td width=\"247\">Proiect de hotarare nr.192\/24.09.2021 privind aprobarea rezultatului final al selectiei privind regimul finantarilor nerambursabile alocate de la bugetul local pentru activitati nonprofit de interes general pentru anul 2021- domeniile cultura, civic, social, protectia mediului<\/p>\n<p>&#8211; initiator -Cirjan Sorin-Valentin- Primar<\/p>\n<p>&nbsp;<\/td>\n<td width=\"132\">Comisia pentru activitati economico-financiare si agricultura<\/p>\n<p>&nbsp;<\/p>\n<p>Comisia juridica, de disciplina si validare<\/p>\n<p>&nbsp;<\/p>\n<p>Comisia pentru amenajarea teritoriului,<\/p>\n<p>urbanism, protectie mediu si turism<\/p>\n<p>&nbsp;<\/p>\n<p>Comisia pentru cultura, culte, invatamant, munca, sanatate\u00c2\u00a0 si protectia persoanelor aflate in nevoie<\/td>\n<td width=\"142\">Directia economica\/<\/p>\n<p>Birou Monitorizare si Indrumare a Unitatilor de Invatamant si Intreprinderilor Publice<\/td>\n<td width=\"94\">Majoritate simpla<\/td>\n<\/tr>\n<tr>\n<td width=\"44\">7.<\/td>\n<td width=\"247\">Proiect de hotarare nr.193\/24.09.2021 privind aprobarea rezultatului final al selectiei privind regimul finantarilor nerambursabile alocate de la bugetul local pentru activitati nonprofit de interes general pentru anul 2021- domeniul sport<\/p>\n<p>&#8211; initiator -Cirjan Sorin-Valentin- Primar<\/p>\n<p>&nbsp;<\/td>\n<td width=\"132\">Comisia pentru activitati economico-financiare si agricultura<\/p>\n<p>&nbsp;<\/p>\n<p>Comisia juridica, de disciplina si validare<\/p>\n<p>&nbsp;<\/p>\n<p>Comisia pentru amenajarea teritoriului,<\/p>\n<p>urbanism, protectie mediu si turism<\/p>\n<p>&nbsp;<\/p>\n<p>Comisia pentru cultura, culte, invatamant, munca, sanatate\u00c2\u00a0 si protectia persoanelor aflate in nevoie<\/td>\n<td width=\"142\">Directia economica\/<\/p>\n<p>Birou Monitorizare si Indrumare a Unitatilor de Invatamant si Intreprinderilor Publice<\/td>\n<td width=\"94\">Majoritate simpla<\/td>\n<\/tr>\n<tr>\n<td width=\"44\">8.<\/td>\n<td width=\"247\">Proiect de hotarare nr.194\/24.09.2021 privind aprobarea rectificarii bugetului de venituri si cheltuieli al S.C ACVATERM S.A Rm.Sarat pe anul 2021<\/p>\n<p>&#8211; initiator -Cirjan Sorin-Valentin- Primar<\/p>\n<p>&nbsp;<\/td>\n<td width=\"132\">Comisia juridica, de disciplina si validare<\/p>\n<p>Comisia pentru activitati economico-financiare si agricultura<\/p>\n<p>&nbsp;<\/p>\n<p>Comisia pentru cultura, culte, invatamant, munca, sanatate\u00c2\u00a0 si protectia persoanelor aflate in nevoie<\/p>\n<p>&nbsp;<\/p>\n<p>Comisia pentru amenajarea teritoriului,<\/p>\n<p>urbanism, protectie mediu si turism<\/td>\n<td width=\"142\">Directia economica\/<\/p>\n<p>Serviciul Buget-Contabilitate<\/p>\n<p>&nbsp;<\/td>\n<td width=\"94\">Majoritate absoluta<\/td>\n<\/tr>\n<tr>\n<td width=\"44\">9.<\/td>\n<td width=\"247\">Proiect de hotarare nr.195\/24.09.2021 privind aducerea la cunostinta actionarului unic al S.C ACVATERM S.A Rm.Sarat &#8211; Municipiul Rm.Sarat prin Consiliul Local al Municipiului Rm.Sarat a necesitatii achizitionarii de catre societate a unei autovidanje in regim second-hand, avand ca sursa de finantare fonduri proprii<\/p>\n<p>&#8211; initiator -Cirjan Sorin-Valentin- Primar<\/p>\n<p>&nbsp;<\/p>\n<p>&nbsp;<\/td>\n<td width=\"132\">Comisia juridica, de disciplina si validare<\/p>\n<p>Comisia pentru activitati economico-financiare si agricultura<\/p>\n<p>&nbsp;<\/p>\n<p>Comisia pentru cultura, culte, invatamant, munca, sanatate\u00c2\u00a0 si protectia persoanelor aflate in nevoie<\/p>\n<p>&nbsp;<\/p>\n<p>Comisia pentru amenajarea teritoriului,<\/p>\n<p>urbanism, protectie mediu si turism<\/td>\n<td width=\"142\">Directia economica\/<\/p>\n<p>Serviciul Buget-Contabilitate<\/p>\n<p>&nbsp;<\/td>\n<td width=\"94\">Majoritate simpla<\/td>\n<\/tr>\n<tr>\n<td width=\"44\">10.<\/td>\n<td width=\"247\">Proiect de hotarare nr.196\/24.09.2021 privind aprobarea contractarii unui credit\u00c2\u00a0 pentru investitii in valoare de 400.000 lei pe o perioada de 5 ani, de catre S.C ACVATERM S.A Rm.Sarat, in conformitate cu Programul de investitii al societatii<\/p>\n<p>&#8211; initiator -Cirjan Sorin-Valentin- Primar<\/td>\n<td width=\"132\">Comisia juridica, de disciplina si validare<\/p>\n<p>Comisia pentru activitati economico-financiare si agricultura<\/p>\n<p>&nbsp;<\/p>\n<p>Comisia pentru cultura, culte, invatamant, munca, sanatate\u00c2\u00a0 si protectia persoanelor aflate in nevoie<\/p>\n<p>&nbsp;<\/p>\n<p>Comisia pentru amenajarea teritoriului,<\/p>\n<p>urbanism, protectie mediu si turism<\/td>\n<td width=\"142\">Directia economica\/<\/p>\n<p>Serviciul Buget-Contabilitate<\/p>\n<p>&nbsp;<\/td>\n<td width=\"94\">Majoritate absoluta<\/td>\n<\/tr>\n<tr>\n<td width=\"44\">11.<\/td>\n<td width=\"247\">Proiect de hotarare nr.197\/24.09.2021 privind exprimarea acordului Municipiului Rm.Sarat ca<\/p>\n<p>S.C COMPANIA DE APA S.A Buzau, in calitate de titulara a investitiei &#8222;\u017eInlocuire retele de distributie apa si bransamente pe strazile Maior Nedelcu, Gheorghe Munteanu Murgoci, Pitaresei si Grebanului, Municipiul Rm.Sarat, judetul Buzau&#8221;\u009d sa execute lucrarile aferente investitiei mentionate, pe domeniul public al Municipiului Rm.Sarat (teren in suprafata totala de 611,4 mp), precum si punerea la dispozitia S.C COMPANIA DE APA S.A Buzau\u00c2\u00a0 a terenului necesar efectuarii investitiei mai sus mentionate, pana la efectuarea receptiei la terminarea lucrarilor<\/p>\n<p>&#8211; initiator -Cirjan Sorin-Valentin- Primar<\/td>\n<td width=\"132\">Comisia juridica, de disciplina si validare<\/p>\n<p>&nbsp;<\/p>\n<p>Comisia pentru activitati economico-financiare si agricultura<\/p>\n<p>&nbsp;<\/p>\n<p>Comisia pentru amenajarea teritoriului,<\/p>\n<p>urbanism, protectie mediu si turism<\/td>\n<td width=\"142\">Serviciul Urbanism\/<\/p>\n<p>Compartiment Contencios Administrativ si Juridic<\/td>\n<td width=\"94\">Majoritate absoluta<\/td>\n<\/tr>\n<tr>\n<td width=\"44\">12.<\/td>\n<td width=\"247\">Proiect de hotarare nr.198\/24.09.2021 privind exprimarea acordului Municipiului Rm.Sarat ca<\/p>\n<p>S.C COMPANIA DE APA S.A Buzau, in calitate de titulara a investitiei &#8222;\u017eInlocuire retele distributie de apa si bransamente pe strazile Aleea Stelelor-CT 202 si Intrarea Craitei &#8222;\u201cCT 807, Municipiul Rm.Sarat, judetul Buzau&#8221;\u009d sa execute lucrarile aferente investitiei mentionate, pe domeniul public al Municipiului Rm.Sarat (teren in suprafata totala de 342 mp), precum si punerea la dispozitia S.C COMPANIA DE APA S.A Buzau\u00c2\u00a0 a terenului necesar efectuarii investitiei mai sus mentionate, pana la efectuarea receptiei la terminarea lucrarilor<\/p>\n<p>&#8211; initiator -Cirjan Sorin-Valentin- Primar<\/td>\n<td width=\"132\">Comisia juridica, de disciplina si validare<\/p>\n<p>&nbsp;<\/p>\n<p>Comisia pentru activitati economico-financiare si agricultura<\/p>\n<p>&nbsp;<\/p>\n<p>Comisia pentru amenajarea teritoriului,<\/p>\n<p>urbanism, protectie mediu si turism<\/td>\n<td width=\"142\">Serviciul Urbanism\/<\/p>\n<p>Compartiment Contencios Administrativ si Juridic<\/td>\n<td width=\"94\">Majoritate absoluta<\/td>\n<\/tr>\n<tr>\n<td width=\"44\">13.<\/td>\n<td width=\"247\">Proiect de hotarare nr.199\/24.09.2021 privind aprobarea acordarii unui drept de superficie, cu titlu oneros, fara licitatie publica, asupra suprafetei de teren\u00c2\u00a0 de 299 mp (suprafata masurata) apartinand domeniului privat al Municipiului Rm.Sarat, teren situat in Municipiul Rm.Sarat, cartier Bariera Focsani (parcela 212), strada Oltului nr.49, judetul Buzau, pe care este executata infrastructura\u00c2\u00a0 unei cladiri \u00c2\u00a0cu destinatia de locuinta, aflata la stadiul de executie-fundatie, ce a facut obiectul contractului de vanzare autentificat sub nr.350\/05.03.2021, catre domnul Rosca Dragos, coroborat cu incetarea atribuirii in folosinta gratuita a aceluiasi teren catre doamna Ion (actual Fus) Ramona Valentina<\/p>\n<p>&#8211; initiator -Cirjan Sorin-Valentin- Primar<\/td>\n<td width=\"132\">Comisia juridica, de disciplina si validare<\/p>\n<p>&nbsp;<\/p>\n<p>Comisia pentru activitati economico-financiare si agricultura<\/p>\n<p>&nbsp;<\/p>\n<p>&nbsp;<\/p>\n<p>Comisia pentru cultura, culte, invatamant, munca, sanatate\u00c2\u00a0 si protectia persoanelor aflate in nevoie<\/p>\n<p>&nbsp;<\/p>\n<p>Comisia pentru amenajarea teritoriului,<\/p>\n<p>urbanism, protectie mediu si turism<\/td>\n<td width=\"142\">Serviciul Buget-Contabilitate\/<\/p>\n<p>Compartiment Administrare Patrimoniu\/<\/p>\n<p>Compartiment Contencios Administrativ si Juridic<\/td>\n<td width=\"94\">Majoritate absoluta<\/td>\n<\/tr>\n<tr>\n<td width=\"44\">14.<\/td>\n<td width=\"247\">Proiect de hotarare nr.200\/24.09.2021 privind aprobarea v\u00e2nz\u0103rii \u0219i \u00eencheierii contractului de v\u00e2nzare a unui imobil &#8222;\u201c cu destina\u021bia de locuin\u021b\u0103 din fondul locativ de stat, apar\u021bin\u00e2nd domeniului privat al Municipiului R\u00e2mnicu S\u0103rat, situat \u00een Municipiul R\u00e2mnicu S\u0103rat, strada Toamnei (Aleea Smirdan), bloc 11C, scara B, etaj 4, apartament nr. 40, jude\u021bul Buz\u0103u, catre doamna Shabalin (fosta Marin) Paula-Rozalia<\/p>\n<p>&#8211; initiator -Cirjan Sorin-Valentin- Primar<\/td>\n<td width=\"132\">Comisia pentru activitati economico-financiare si agricultura<\/p>\n<p>&nbsp;<\/p>\n<p>Comisia pentru cultura, culte, invatamant, munca, sanatate\u00c2\u00a0 si protectia persoanelor aflate in nevoie<\/p>\n<p>&nbsp;<\/p>\n<p>Comisia juridica, de disciplina si validare<\/p>\n<p>&nbsp;<\/p>\n<p>Comisia pentru amenajarea teritoriului,<\/p>\n<p>urbanism, protectie mediu si turism<\/td>\n<td width=\"142\">Directia economica\/<\/p>\n<p>Compartiment Administrare Patrimoniu\/<\/p>\n<p>Compartiment Contencios Administrativ si Juridic<\/td>\n<td width=\"94\">Majoritate calificata<\/td>\n<\/tr>\n<tr>\n<td width=\"44\">15.<\/td>\n<td width=\"247\">Proiect de hotarare nr.201\/24.09.2021 privind aprobarea dezmembrarii unui imobil (teren si constructii) in suprafata de 200.551 mp, avand numarul cadastral 36389, teren situat in Municipiul Rm.Sarat, strada Focsani nr.21,\u00c2\u00a0 judetul Buzau, in patru loturi<\/p>\n<p>&#8211; initiator &#8211; Cirjan Sorin-Valentin- Primar<\/td>\n<td width=\"132\">Comisia pentru activitati economico-financiare si agricultura<\/p>\n<p>&nbsp;<\/p>\n<p>Comisia pentru cultura, culte, invatamant, munca, sanatate\u00c2\u00a0 si protectia persoanelor aflate in nevoie<\/p>\n<p>&nbsp;<\/p>\n<p>Comisia juridica, de disciplina si validare<\/p>\n<p>&nbsp;<\/p>\n<p>Comisia pentru amenajarea teritoriului,<\/p>\n<p>urbanism, protectie mediu si turism<\/p>\n<p>si turism<\/td>\n<td width=\"142\">Serviciul Urbanism\/<\/p>\n<p>Compartiment Contencios Administrativ si Juridic<\/td>\n<td width=\"94\">Majoritate absoluta<\/td>\n<\/tr>\n<tr>\n<td width=\"44\">16.<\/td>\n<td width=\"247\">Proiect de hotarare nr.202\/24.09.2021 privind aprobarea documentatiei de atribuire pentru contractul de delegare prin concesiune a gestiunii Serviciului public de salubrizare al Municipiului Rm.Sarat pentru activitatea privind &#8222;\u017ematuratul, spalatul, stropirea si intretinerea cailor publice&#8221;\u009d<\/p>\n<p>&#8211; initiator -Cirjan Sorin-Valentin- Primar<\/td>\n<td width=\"132\">Comisia juridica, de disciplina si validare<\/p>\n<p>&nbsp;<\/p>\n<p>Comisia pentru activitati economico-financiare si agricultura<\/p>\n<p>&nbsp;<\/p>\n<p>Comisia pentru cultura, culte, invatamant, munca, sanatate\u00c2\u00a0 si protectia persoanelor aflate in nevoie<\/p>\n<p>&nbsp;<\/p>\n<p>Comisia pentru amenajarea teritoriului,<\/p>\n<p>urbanism, protectie mediu si turism<\/td>\n<td width=\"142\">Compartiment Unitatea Municipala pentru Monitorizarea Serviciilor Comunitare de Unitati Publice<\/p>\n<p>&nbsp;<\/td>\n<td width=\"94\">Majoritate simpla<\/td>\n<\/tr>\n<tr>\n<td width=\"44\">17.<\/td>\n<td width=\"247\">Proiect de hotarare nr.203\/24.09.2021 privind solicitarea de arondare a creselor \u00c2\u00ab\u00c2\u00a0Mugurasii\u00c2\u00a0\u00c2\u00bb si \u00c2\u00ab\u00c2\u00a0Lumea Copilariei\u00c2\u00a0\u00c2\u00bb din Municipiul Rm.Sarat, structuri apartinand Directiei de Asistenta Sociala Rm.Sarat, la Gradinita cu Program Prelungit \u00c2\u00ab\u00c2\u00a0Mugurasii\u00c2\u00a0\u00c2\u00bb, respectiv Gradinita cu Program Prelungit \u00c2\u00ab\u00c2\u00a0Lumea Copilariei\u00c2\u00a0\u00c2\u00bb, unitati de invatamant prescolar cu program prelungit, cu personalitate juridica, din Municipiul Rm.Sarat<\/p>\n<p>&#8211; initiator -Cirjan Sorin-Valentin- Primar<\/p>\n<p>&nbsp;<\/td>\n<td width=\"132\">Comisia juridica, de disciplina si validare<\/p>\n<p>&nbsp;<\/p>\n<p>Comisia pentru cultura, culte, invatamant, munca, sanatate\u00c2\u00a0 si protectia persoanelor aflate in nevoie<\/p>\n<p>&nbsp;<\/td>\n<td width=\"142\">Birou<\/p>\n<p>Monitorizare si Indrumare a Unitatilor de Invatamant si Intreprinderilor Publice<\/td>\n<td width=\"94\">Majoritate simpla<\/td>\n<\/tr>\n<tr>\n<td width=\"44\">18.<\/td>\n<td width=\"247\">Proiect de hotarare nr.204\/24.09.2021 privind numirea pentru anul scolar 2021-2022 a reprezentantilor Consiliului local al Municipiului Rm.Sarat ca membri ai Consiliilor de Administratie ale unitatilor din invatamantul preuniversitar de stat din Municipiul Rm.Sarat<\/p>\n<p>&#8211; initiator -Cirjan Sorin-Valentin- Primar<\/p>\n<p>&nbsp;<\/td>\n<td width=\"132\">Comisia pentru activitati economico-financiare si agricultura<\/p>\n<p>&nbsp;<\/p>\n<p>Comisia pentru cultura, culte, invatamant, munca, sanatate\u00c2\u00a0 si protectia persoanelor aflate in nevoie<\/p>\n<p>&nbsp;<\/p>\n<p>Comisia juridica, de disciplina si validare<\/p>\n<p>&nbsp;<\/p>\n<p>Comisia pentru amenajarea teritoriului,<\/p>\n<p>urbanism, protectie mediu si turism<\/td>\n<td width=\"142\">Birou<\/p>\n<p>Monitorizare si Indrumare a Unitatilor de Invatamant si Intreprinderilor Publice<\/td>\n<td width=\"94\">Majoritate simpla<\/td>\n<\/tr>\n<tr>\n<td width=\"44\">19.<\/td>\n<td width=\"247\">Proiect de hotarare nr.205\/24.09.2021 privind numirea pentru anul scolar 2021-2022 a reprezentantilor Consiliului local al Municipiului Rm.Sarat ca membri ai Comisiilor pentru evaluarea si asigurarea calitatii din unitatile de invatamantul preuniversitar de stat din Municipiul Rm.Sarat<\/p>\n<p>&#8211; initiator -Cirjan Sorin-Valentin- Primar<\/p>\n<p>&nbsp;<\/td>\n<td width=\"132\">Comisia pentru activitati economico-financiare si agricultura<\/p>\n<p>&nbsp;<\/p>\n<p>Comisia pentru cultura, culte, invatamant, munca, sanatate\u00c2\u00a0 si protectia persoanelor aflate in nevoie<\/p>\n<p>&nbsp;<\/p>\n<p>Comisia juridica, de disciplina si validare<\/p>\n<p>&nbsp;<\/p>\n<p>Comisia pentru amenajarea teritoriului,<\/p>\n<p>urbanism, protectie mediu si turism<\/td>\n<td width=\"142\">Birou<\/p>\n<p>Monitorizare si Indrumare a Unitatilor de Invatamant si Intreprinderilor Publice<\/td>\n<td width=\"94\">Majoritate simpla<\/td>\n<\/tr>\n<tr>\n<td width=\"44\">20.<\/td>\n<td colspan=\"4\" width=\"615\">Alte probleme ale activitatii curente:<\/p>\n<ol>\n<li>Raport privind petitiile adresate Consiliului local al Municipiului Rm.Sarat in perioada 21.08.2021-20.09.2021;<\/li>\n<li>Informare a Serviciului Impozite si Taxe Locale cu privire la calculul impozitului pe cladirile nerezidentiale detinute in proprietate de persoanele fizice si persoanele juridice;<\/li>\n<li>Raportul Camerei de Conturi Buzau nr.900\/06.08.2021 privind modul de ducere la indeplinire a masurilor dispuse prin Decizia nr.6\/26.03.2019, transmis de catre S.C TUC S.A Rm. Sarat prin adresa nr.1064\/14.09.2021;<\/li>\n<li>Hotararea nr.1\/17.09.2021 a Consiliului de Administratie al Spitalului Municipal Rm.Sarat &#8222;\u201c aprobare a Planului de rezilienta al Spitalului Municipal Rm.Sarat;<\/li>\n<li>Informarea nr.18612\/20.09.2021 a Biroului Monitorizarea si Indrumarea Unitatilor de Invatamant si Intreprinderilor Publice referitoare la adresa nr.2227\/09.09.2021 a Colegiului National &#8222;\u0153Alexandru Vlahuta&#8221;\u009d Rm.Sarat, respectiv adresa nr.1760\/15.09.2021 a Liceului Tehnologic &#8222;\u0153Victor Frunza&#8221;\u009d Rm.Sarat;<\/li>\n<li>Adresa nr.11548\/21.09.2021 a Institutiei Prefectului-Judetul Buzau, inregistrata la sediul Primariei Municipiului Rm.Sarat sub nr.19459\/23.09.2021, referitoare la memoriul transmis de catre Primarul Municipiului Rm.Sarat si consilierii locali din cadrul Consiliului Local Rm.Sarat referitor la eventuala decizie de reinchidere a Spitalului Municipal Rm.Sarat pentru pacientii non-COVID;<\/li>\n<\/ol>\n<\/td>\n<\/tr>\n<\/tbody>\n<\/table>\n<p><strong>\u00c2\u00a0<\/strong><\/p>\n<p><strong>\u00c2\u00a0\u00c2\u00a0\u00c2\u00a0\u00c2\u00a0\u00c2\u00a0\u00c2\u00a0\u00c2\u00a0\u00c2\u00a0 Primar,\u00c2\u00a0\u00c2\u00a0\u00c2\u00a0\u00c2\u00a0\u00c2\u00a0\u00c2\u00a0\u00c2\u00a0\u00c2\u00a0\u00c2\u00a0\u00c2\u00a0\u00c2\u00a0\u00c2\u00a0\u00c2\u00a0\u00c2\u00a0\u00c2\u00a0\u00c2\u00a0\u00c2\u00a0\u00c2\u00a0\u00c2\u00a0\u00c2\u00a0\u00c2\u00a0\u00c2\u00a0\u00c2\u00a0\u00c2\u00a0\u00c2\u00a0\u00c2\u00a0\u00c2\u00a0\u00c2\u00a0\u00c2\u00a0\u00c2\u00a0\u00c2\u00a0\u00c2\u00a0\u00c2\u00a0\u00c2\u00a0\u00c2\u00a0\u00c2\u00a0\u00c2\u00a0\u00c2\u00a0\u00c2\u00a0\u00c2\u00a0\u00c2\u00a0\u00c2\u00a0\u00c2\u00a0\u00c2\u00a0\u00c2\u00a0\u00c2\u00a0\u00c2\u00a0\u00c2\u00a0\u00c2\u00a0\u00c2\u00a0\u00c2\u00a0\u00c2\u00a0\u00c2\u00a0\u00c2\u00a0\u00c2\u00a0\u00c2\u00a0\u00c2\u00a0\u00c2\u00a0\u00c2\u00a0\u00c2\u00a0\u00c2\u00a0\u00c2\u00a0\u00c2\u00a0\u00c2\u00a0\u00c2\u00a0 \u00c2\u00a0\u00c2\u00a0\u00c2\u00a0\u00c2\u00a0 Secretar general,<\/strong><\/p>\n<p><strong>Cirjan Sorin Valentin\u00c2\u00a0\u00c2\u00a0\u00c2\u00a0\u00c2\u00a0\u00c2\u00a0\u00c2\u00a0\u00c2\u00a0\u00c2\u00a0\u00c2\u00a0\u00c2\u00a0\u00c2\u00a0\u00c2\u00a0\u00c2\u00a0\u00c2\u00a0\u00c2\u00a0\u00c2\u00a0\u00c2\u00a0\u00c2\u00a0\u00c2\u00a0\u00c2\u00a0\u00c2\u00a0\u00c2\u00a0\u00c2\u00a0\u00c2\u00a0\u00c2\u00a0\u00c2\u00a0\u00c2\u00a0\u00c2\u00a0\u00c2\u00a0\u00c2\u00a0\u00c2\u00a0\u00c2\u00a0\u00c2\u00a0\u00c2\u00a0\u00c2\u00a0\u00c2\u00a0\u00c2\u00a0\u00c2\u00a0\u00c2\u00a0\u00c2\u00a0\u00c2\u00a0\u00c2\u00a0\u00c2\u00a0\u00c2\u00a0 \u00c2\u00a0\u00c2\u00a0\u00c2\u00a0\u00c2\u00a0\u00c2\u00a0\u00c2\u00a0\u00c2\u00a0Vagyas-Davidoiu Manuela<\/strong><\/p>\n","protected":false},"excerpt":{"rendered":"<p>MUNICIPIUL RM.S\u00c4\u201aRAT STRADA NICOLAE B\u00c4\u201aLCESCU NR.1 TEL.0238\/561946; fax 0238\/561947 Web: www.primariermsarat.ro ANUNT \u00c2\u00a0\u00c2\u00a0\u00c2\u00a0\u00c2\u00a0\u00c2\u00a0\u00c2\u00a0\u00c2\u00a0\u00c2\u00a0\u00c2\u00a0\u00c2\u00a0 In temeiul art.133, alin.(1), lit.a), art.134, si art.135, alin.(4) din O.U.G nr.57\/2019 privind Codul administrativ, cu modificarile si completarile ulterioare, Primarul Municipiului Rm.Sarat convoaca Consiliul Local al Municipiului Rm.Sarat in sedinta ordinara care va avea loc in data de 30.09.2021, orele 1500 in Sala de sedinte a Primariei Municipiului Rm.Sarat, strada Nicolae Balcescu nr.1, judetul Buzau, cu urmatoarea ordine de zi: Proiect de hotarare privind aprobarea rectificarii bugetului local de venituri si cheltuieli al Municipiului Rm.Sarat pe&hellip;<\/p>\n","protected":false},"author":2,"featured_media":10243,"comment_status":"closed","ping_status":"closed","sticky":false,"template":"","format":"standard","meta":{"footnotes":""},"categories":[156],"tags":[],"class_list":["post-13540","post","type-post","status-publish","format-standard","has-post-thumbnail","hentry","category-informare-primaria-rm-sarat"],"gutentor_comment":0,"_links":{"self":[{"href":"https:\/\/scurtpe2.ro\/index.php?rest_route=\/wp\/v2\/posts\/13540","targetHints":{"allow":["GET"]}}],"collection":[{"href":"https:\/\/scurtpe2.ro\/index.php?rest_route=\/wp\/v2\/posts"}],"about":[{"href":"https:\/\/scurtpe2.ro\/index.php?rest_route=\/wp\/v2\/types\/post"}],"author":[{"embeddable":true,"href":"https:\/\/scurtpe2.ro\/index.php?rest_route=\/wp\/v2\/users\/2"}],"replies":[{"embeddable":true,"href":"https:\/\/scurtpe2.ro\/index.php?rest_route=%2Fwp%2Fv2%2Fcomments&post=13540"}],"version-history":[{"count":0,"href":"https:\/\/scurtpe2.ro\/index.php?rest_route=\/wp\/v2\/posts\/13540\/revisions"}],"wp:featuredmedia":[{"embeddable":true,"href":"https:\/\/scurtpe2.ro\/index.php?rest_route=\/wp\/v2\/media\/10243"}],"wp:attachment":[{"href":"https:\/\/scurtpe2.ro\/index.php?rest_route=%2Fwp%2Fv2%2Fmedia&parent=13540"}],"wp:term":[{"taxonomy":"category","embeddable":true,"href":"https:\/\/scurtpe2.ro\/index.php?rest_route=%2Fwp%2Fv2%2Fcategories&post=13540"},{"taxonomy":"post_tag","embeddable":true,"href":"https:\/\/scurtpe2.ro\/index.php?rest_route=%2Fwp%2Fv2%2Ftags&post=13540"}],"curies":[{"name":"wp","href":"https:\/\/api.w.org\/{rel}","templated":true}]}}