{"id":13287,"date":"2021-08-11T17:34:07","date_gmt":"2021-08-11T14:34:07","guid":{"rendered":"http:\/\/www.scurtpe2.ro\/?p=13287"},"modified":"2021-08-12T10:35:58","modified_gmt":"2021-08-12T07:35:58","slug":"proiect-pentru-reducerea-saraciei","status":"publish","type":"post","link":"https:\/\/scurtpe2.ro\/?p=13287","title":{"rendered":"PROIECT PENTRU REDUCEREA S\u0102R\u0102CIEI"},"content":{"rendered":"<p>Un proiect cu fonduri europene de peste 3 milioane de euro, care a fost lansat, ieri, la R\u00e2mnicu S\u0103rat, \u00ee\u0219i propune reducerea num\u0103rului de persoane aflate \u00een risc de s\u0103r\u0103cie, dar \u0219i sprijinirea acestor persoane \u00een a-\u0219i g\u0103si un loc de munc\u0103. Proiectul se deruleaz\u0103 prin Programul Opera\u021bional Capital Uman, are ca termen de finalizare sf\u00e2r\u0219itul anului 2023 \u0219i se adreseaz\u0103 unui num\u0103r \u00c2\u00a0de peste 1.000 de cet\u0103\u021beni din cartierele m\u0103rgina\u0219e ale R\u00e2mnicului. Proiectul accesat de municipiul R\u00e2mnicu S\u0103rat se deruleaz\u0103 prin Grupul de Ac\u021biune Local\u0103 ,,Sus R\u00e2mnicul&#8221;\u009d.<\/p>\n<p>Prin acest proiect, autorit\u0103\u021bile din Rm S\u0103rat urm\u0103resc consilierea \u0219i medierea pe pia\u021ba muncii a 1.400 de persoane, sprijinirea a 25 de peroane \u00een vederea \u00eenfiin\u021b\u0103rii unei noi afaceri, participarea la programe de ucenicie, dar \u0219i crearea a unui num\u0103r important de locuri de munc\u0103 subven\u021bionate. De asemenea, proiectul vizeaz\u0103 reducerea abandonului \u0219colar din comunit\u0103\u021bile s\u0103race prin programe tip &#8222;\u0153\u0218coal\u0103 dup\u0103 \u0218coal\u0103&#8221;\u009d \u0219i organizarea de sesiuni de consiliere \u00eentre p\u0103rin\u021bi, copii \u0219i cadre didactice pentru 240 elevi.<\/p>\n<p>Prin Grupul de Ac\u021biune Local\u0103 ,,Sus R\u00e2mnicul&#8221;\u009d, autorit\u0103\u021bile locale \u00ee\u0219i propun \u0219i alte investi\u021bii importante derulate \u00een cadrul Programului Opera\u021bional Regional. Este vorba despre asfaltarea a 5.5 kilometri de str\u0103zi, \u00eenfiin\u021barea unui Centru Comunitar Integrat, realizarea unei cl\u0103diri cu locuin\u021be sociale \u00een internatul fostului Liceu Agricol, amenajarea a 6 parcuri, a 3 terenuri de joac\u0103 \u0219i 3 terenuri multifunc\u021bioanle.<\/p>\n<p>La lansarea proiectului cu fonduri europene de ieri au participat conducerea Consiliului Jude\u021bean Buz\u0103u, Agen\u021biei Jude\u021bene pentru Ocuparea For\u021bei de Munc\u0103, Inspectoratului Teritorial de Munc\u0103, Inspectoratului \u0218colar Jude\u021bean, precum \u0219i reprezentan\u021bii Consiliului Local Municipal R\u00e2mnicu S\u0103rat, ai institu\u021biilor locale \u0219i ai unit\u0103\u021bilor de \u00eenv\u0103\u021b\u0103m\u00e2nt. \u00cen cadrul proiectului, Prim\u0103ria R\u00e2mnicu S\u0103rat are ca parteneri \u0218coala Gimnazial\u0103 ,,Gheorghe Vernescu&#8221;\u009d Nr.2, Direc\u021bia de Asisten\u021b\u0103 Social\u0103 R\u00e2mnicu S\u0103rat \u0219i Asocia\u021bia ECO Impact.<\/p>\n","protected":false},"excerpt":{"rendered":"<p>Un proiect cu fonduri europene de peste 3 milioane de euro, care a fost lansat, ieri, la R\u00e2mnicu S\u0103rat, \u00ee\u0219i propune reducerea num\u0103rului de persoane aflate \u00een risc de s\u0103r\u0103cie, dar \u0219i sprijinirea acestor persoane \u00een a-\u0219i g\u0103si un loc de munc\u0103. Proiectul se deruleaz\u0103 prin Programul Opera\u021bional Capital Uman, are ca termen de finalizare sf\u00e2r\u0219itul anului 2023 \u0219i se adreseaz\u0103 unui num\u0103r \u00c2\u00a0de peste 1.000 de cet\u0103\u021beni din cartierele m\u0103rgina\u0219e ale R\u00e2mnicului. Proiectul accesat de municipiul R\u00e2mnicu S\u0103rat se deruleaz\u0103 prin Grupul de Ac\u021biune Local\u0103 ,,Sus R\u00e2mnicul&#8221;\u009d. Prin acest&hellip;<\/p>\n","protected":false},"author":4,"featured_media":13288,"comment_status":"closed","ping_status":"closed","sticky":false,"template":"","format":"standard","meta":{"footnotes":""},"categories":[173,165],"tags":[523,1600,3688,1369,3254,4814],"class_list":["post-13287","post","type-post","status-publish","format-standard","has-post-thumbnail","hentry","category-administrativ","category-informatia-de-ramnic","tag-consiliu-judetean","tag-fonduri-europene","tag-locuinte-sociale","tag-proiect","tag-saracie","tag-sus-ramnicul"],"gutentor_comment":0,"_links":{"self":[{"href":"https:\/\/scurtpe2.ro\/index.php?rest_route=\/wp\/v2\/posts\/13287","targetHints":{"allow":["GET"]}}],"collection":[{"href":"https:\/\/scurtpe2.ro\/index.php?rest_route=\/wp\/v2\/posts"}],"about":[{"href":"https:\/\/scurtpe2.ro\/index.php?rest_route=\/wp\/v2\/types\/post"}],"author":[{"embeddable":true,"href":"https:\/\/scurtpe2.ro\/index.php?rest_route=\/wp\/v2\/users\/4"}],"replies":[{"embeddable":true,"href":"https:\/\/scurtpe2.ro\/index.php?rest_route=%2Fwp%2Fv2%2Fcomments&post=13287"}],"version-history":[{"count":0,"href":"https:\/\/scurtpe2.ro\/index.php?rest_route=\/wp\/v2\/posts\/13287\/revisions"}],"wp:featuredmedia":[{"embeddable":true,"href":"https:\/\/scurtpe2.ro\/index.php?rest_route=\/wp\/v2\/media\/13288"}],"wp:attachment":[{"href":"https:\/\/scurtpe2.ro\/index.php?rest_route=%2Fwp%2Fv2%2Fmedia&parent=13287"}],"wp:term":[{"taxonomy":"category","embeddable":true,"href":"https:\/\/scurtpe2.ro\/index.php?rest_route=%2Fwp%2Fv2%2Fcategories&post=13287"},{"taxonomy":"post_tag","embeddable":true,"href":"https:\/\/scurtpe2.ro\/index.php?rest_route=%2Fwp%2Fv2%2Ftags&post=13287"}],"curies":[{"name":"wp","href":"https:\/\/api.w.org\/{rel}","templated":true}]}}