{"id":13263,"date":"2021-08-09T20:23:55","date_gmt":"2021-08-09T17:23:55","guid":{"rendered":"http:\/\/www.scurtpe2.ro\/?p=13263"},"modified":"2021-08-09T20:23:55","modified_gmt":"2021-08-09T17:23:55","slug":"iritat-de-situatia-de-la-f-c-buzau","status":"publish","type":"post","link":"https:\/\/scurtpe2.ro\/?p=13263","title":{"rendered":"IRITAT DE SITUA\u021aIA DE LA F.C. BUZ\u0102U"},"content":{"rendered":"<p>La nici trei luni de la \u00eenfiin\u021bare, apar deja tensiuni \u00een jurul noului club de fotbal din Cr\u00e2ng, FC Buz\u0103u. Nemul\u021bumirile, de\u0219i nu prea explicite, au fost exprimate chiar de c\u0103tre pre\u0219edintele Consiliului Jude\u021bean Buz\u0103u, Petre Emanoil Neagu, \u00een \u0219edin\u021ba extraordinar\u0103 din aceast\u0103 s\u0103pt\u0103m\u00e2n\u0103. Neagu s-a ar\u0103tat destul de iritat de situa\u021bia de la echipa buzoian\u0103 \u0219i i-a acuzat de lips\u0103 de transparen\u021b\u0103 pe noii conduc\u0103tori ai clubului de fotbal din Cr\u00e2ng. Criticile au fost formulate \u00een contextul \u00een care pre\u0219edintele Consiliului Jude\u021bean a anun\u021bat c\u0103, la jum\u0103tatea lunii august, va convoca o nou\u0103 \u0219edin\u021b\u0103 extraordinat\u0103 pentru alocarea unei sume de bani necesare func\u021bion\u0103rii noii echipe de fotbal.<\/p>\n<p>\u00cen urm\u0103 cu trei luni, Prim\u0103ria Buz\u0103u, Consiliul Jude\u021bean Buz\u0103u \u0219i un investitor privat, un trust media din municipiul Buz\u0103u, controlat de r\u00e2mniceanul Felix Rache, vicepre\u0219edinte al Consiliului Jude\u021bean Buz\u0103u, s-au asociat \u00een cadrul Asocia\u021biei Sportive Fotbal Club Buz\u0103u. Prin acest tertip juridic, FC Buz\u0103u, clubul care i-a luat locul forma\u021biei SCM Gloria \u00een Liga a doua, va avea drept de promovare \u00een Liga 1. De asemenea, finan\u021barea nu se va mai face direct, de la Consiliul Local Buz\u0103u c\u0103tre Sport Club Municipal, cum a fost p\u00e2n\u0103 acum, ci prin aprobare de proiect pe care FC Buz\u0103u va trebui s\u0103-l depun\u0103 la Consiliul Local, respectiv Consiliul Jude\u021bean, la fel ca orice alt\u0103 entitate sportiv\u0103.<\/p>\n","protected":false},"excerpt":{"rendered":"<p>La nici trei luni de la \u00eenfiin\u021bare, apar deja tensiuni \u00een jurul noului club de fotbal din Cr\u00e2ng, FC Buz\u0103u. Nemul\u021bumirile, de\u0219i nu prea explicite, au fost exprimate chiar de c\u0103tre pre\u0219edintele Consiliului Jude\u021bean Buz\u0103u, Petre Emanoil Neagu, \u00een \u0219edin\u021ba extraordinar\u0103 din aceast\u0103 s\u0103pt\u0103m\u00e2n\u0103. Neagu s-a ar\u0103tat destul de iritat de situa\u021bia de la echipa buzoian\u0103 \u0219i i-a acuzat de lips\u0103 de transparen\u021b\u0103 pe noii conduc\u0103tori ai clubului de fotbal din Cr\u00e2ng. Criticile au fost formulate \u00een contextul \u00een care pre\u0219edintele Consiliului Jude\u021bean a anun\u021bat c\u0103, la jum\u0103tatea lunii august,&hellip;<\/p>\n","protected":false},"author":4,"featured_media":11265,"comment_status":"closed","ping_status":"closed","sticky":false,"template":"","format":"standard","meta":{"footnotes":""},"categories":[173,168,160],"tags":[4784,2350,1683],"class_list":["post-13263","post","type-post","status-publish","format-standard","has-post-thumbnail","hentry","category-administrativ","category-informatia-de-buzau","category-sport","tag-fc-buzau","tag-felix-rache","tag-petre-emanoil-neagu"],"gutentor_comment":0,"_links":{"self":[{"href":"https:\/\/scurtpe2.ro\/index.php?rest_route=\/wp\/v2\/posts\/13263","targetHints":{"allow":["GET"]}}],"collection":[{"href":"https:\/\/scurtpe2.ro\/index.php?rest_route=\/wp\/v2\/posts"}],"about":[{"href":"https:\/\/scurtpe2.ro\/index.php?rest_route=\/wp\/v2\/types\/post"}],"author":[{"embeddable":true,"href":"https:\/\/scurtpe2.ro\/index.php?rest_route=\/wp\/v2\/users\/4"}],"replies":[{"embeddable":true,"href":"https:\/\/scurtpe2.ro\/index.php?rest_route=%2Fwp%2Fv2%2Fcomments&post=13263"}],"version-history":[{"count":0,"href":"https:\/\/scurtpe2.ro\/index.php?rest_route=\/wp\/v2\/posts\/13263\/revisions"}],"wp:featuredmedia":[{"embeddable":true,"href":"https:\/\/scurtpe2.ro\/index.php?rest_route=\/wp\/v2\/media\/11265"}],"wp:attachment":[{"href":"https:\/\/scurtpe2.ro\/index.php?rest_route=%2Fwp%2Fv2%2Fmedia&parent=13263"}],"wp:term":[{"taxonomy":"category","embeddable":true,"href":"https:\/\/scurtpe2.ro\/index.php?rest_route=%2Fwp%2Fv2%2Fcategories&post=13263"},{"taxonomy":"post_tag","embeddable":true,"href":"https:\/\/scurtpe2.ro\/index.php?rest_route=%2Fwp%2Fv2%2Ftags&post=13263"}],"curies":[{"name":"wp","href":"https:\/\/api.w.org\/{rel}","templated":true}]}}