{"id":13218,"date":"2021-08-04T18:33:52","date_gmt":"2021-08-04T15:33:52","guid":{"rendered":"http:\/\/www.scurtpe2.ro\/?p=13218"},"modified":"2021-08-05T12:35:06","modified_gmt":"2021-08-05T09:35:06","slug":"parteneriat-pentru-atragerea-de-bani-europeni","status":"publish","type":"post","link":"https:\/\/scurtpe2.ro\/?p=13218","title":{"rendered":"PARTENERIAT PENTRU ATRAGEREA DE BANI EUROPENI"},"content":{"rendered":"<p>Jude\u021bul Buz\u0103u a f\u0103cut un nou pas \u00een realizarea unui parteneriat cu jude\u021bele Vrancea \u0219i Prahova, pentru dezvoltarea unor investi\u021bii teritoriale integrate \u00een cele trei jude\u021be. Consiliul Jude\u021bean Buz\u0103u \u0219i-a desemnat, ieri, \u00een cadrul unei \u0219edin\u021be extraordinare, reprezentan\u021bii \u00een cadrul Consiliului director al asocia\u021biei de dezvoltare intercomunitar\u0103 ce reune\u0219te cele trei jude\u021be. Este vorba despre pre\u0219edintele Consiliului Jude\u021bean, Petre Emanoil Neagu, \u0219i de Liliana Nicolae, director executiv Direc\u021biei de dezvoltare regional\u0103.<\/p>\n<p>\u00cen baza acestui parteneriat interjude\u021bean, speciali\u0219tii din Buz\u0103u, Prahova \u0219i Vrancea vor \u00eentocmi proiecte comune ce vor fi propuse spre finan\u021bare european\u0103 \u00een actualul exerci\u021biu financiar.<\/p>\n<p>Autorit\u0103\u021bile buzoiene spun c\u0103 prin aceast\u0103 asociere vor putea fi ob\u021binute fonduri europene cu ajutorul c\u0103rora pot fi fi puse \u00een valoare numeroase obiective turistice din jude\u021b. De pild\u0103, Drumul Vinului \u0219i vestitele podgorii de la Dealu Mare, pensiunile din jude\u021b, dar \u0219i alte obiective ar putea fi promovate, pentru a atrage un num\u0103r mai mare de turi\u0219ti.<\/p>\n","protected":false},"excerpt":{"rendered":"<p>Jude\u021bul Buz\u0103u a f\u0103cut un nou pas \u00een realizarea unui parteneriat cu jude\u021bele Vrancea \u0219i Prahova, pentru dezvoltarea unor investi\u021bii teritoriale integrate \u00een cele trei jude\u021be. Consiliul Jude\u021bean Buz\u0103u \u0219i-a desemnat, ieri, \u00een cadrul unei \u0219edin\u021be extraordinare, reprezentan\u021bii \u00een cadrul Consiliului director al asocia\u021biei de dezvoltare intercomunitar\u0103 ce reune\u0219te cele trei jude\u021be. Este vorba despre pre\u0219edintele Consiliului Jude\u021bean, Petre Emanoil Neagu, \u0219i de Liliana Nicolae, director executiv Direc\u021biei de dezvoltare regional\u0103. \u00cen baza acestui parteneriat interjude\u021bean, speciali\u0219tii din Buz\u0103u, Prahova \u0219i Vrancea vor \u00eentocmi proiecte comune ce vor fi propuse&hellip;<\/p>\n","protected":false},"author":4,"featured_media":11265,"comment_status":"closed","ping_status":"closed","sticky":false,"template":"","format":"standard","meta":{"footnotes":""},"categories":[173,168],"tags":[2414,3817,1737],"class_list":["post-13218","post","type-post","status-publish","format-standard","has-post-thumbnail","hentry","category-administrativ","category-informatia-de-buzau","tag-bani-europeni","tag-cj-buzau","tag-turism"],"gutentor_comment":0,"_links":{"self":[{"href":"https:\/\/scurtpe2.ro\/index.php?rest_route=\/wp\/v2\/posts\/13218","targetHints":{"allow":["GET"]}}],"collection":[{"href":"https:\/\/scurtpe2.ro\/index.php?rest_route=\/wp\/v2\/posts"}],"about":[{"href":"https:\/\/scurtpe2.ro\/index.php?rest_route=\/wp\/v2\/types\/post"}],"author":[{"embeddable":true,"href":"https:\/\/scurtpe2.ro\/index.php?rest_route=\/wp\/v2\/users\/4"}],"replies":[{"embeddable":true,"href":"https:\/\/scurtpe2.ro\/index.php?rest_route=%2Fwp%2Fv2%2Fcomments&post=13218"}],"version-history":[{"count":0,"href":"https:\/\/scurtpe2.ro\/index.php?rest_route=\/wp\/v2\/posts\/13218\/revisions"}],"wp:featuredmedia":[{"embeddable":true,"href":"https:\/\/scurtpe2.ro\/index.php?rest_route=\/wp\/v2\/media\/11265"}],"wp:attachment":[{"href":"https:\/\/scurtpe2.ro\/index.php?rest_route=%2Fwp%2Fv2%2Fmedia&parent=13218"}],"wp:term":[{"taxonomy":"category","embeddable":true,"href":"https:\/\/scurtpe2.ro\/index.php?rest_route=%2Fwp%2Fv2%2Fcategories&post=13218"},{"taxonomy":"post_tag","embeddable":true,"href":"https:\/\/scurtpe2.ro\/index.php?rest_route=%2Fwp%2Fv2%2Ftags&post=13218"}],"curies":[{"name":"wp","href":"https:\/\/api.w.org\/{rel}","templated":true}]}}