{"id":13166,"date":"2021-07-14T18:59:18","date_gmt":"2021-07-14T15:59:18","guid":{"rendered":"http:\/\/www.scurtpe2.ro\/?p=13166"},"modified":"2021-07-19T19:00:25","modified_gmt":"2021-07-19T16:00:25","slug":"nemultumiti-de-alocarile-bugetare","status":"publish","type":"post","link":"https:\/\/scurtpe2.ro\/?p=13166","title":{"rendered":"NEMUL\u021aUMI\u021aI DE ALOC\u0102RILE BUGETARE"},"content":{"rendered":"<p class=\"yiv4358293788ydp664579b0msonormal\" style=\"background: white;\"><span lang=\"EN-US\" style=\"font-size: 18.0pt;\">Parlamentarii Partidului Social Democrat se declar\u0103 nemul\u021bumi\u021bi de modul discre\u021bionar de \u00eemp\u0103r\u021bire a banilor prin rectificare bugetar\u0103. Liliana Sb\u00eernea, senator PSD de Buz\u0103u, consider\u0103 c\u0103 aloc\u0103rile de la buget se fac pe criterii politice \u0219i cele mai mari sume vor fi direc\u021bionate c\u0103tre primarii Partidului Na\u021bional Liberal. Ordonan\u021ba privind rectificarea bugetului de stat este estimat\u0103 a se aproba \u00een cea de-a doua jum\u0103tate a lunii august.<\/span><\/p>\n<p class=\"yiv4358293788ydp664579b0msonormal\" style=\"background: white;\"><span lang=\"EN-US\" style=\"font-size: 18.0pt;\">De la sf\u00e2r\u0219itul lunii iunie, bugetul Programului Na\u021bional de Dezvoltare Local\u0103, principala surs\u0103 de finan\u021bare pentru prim\u0103rii, a fost epuizat, iar proiectele deja \u00eencepute au r\u0103mas f\u0103r\u0103 finan\u021bare.<\/span><\/p>\n","protected":false},"excerpt":{"rendered":"<p>Parlamentarii Partidului Social Democrat se declar\u0103 nemul\u021bumi\u021bi de modul discre\u021bionar de \u00eemp\u0103r\u021bire a banilor prin rectificare bugetar\u0103. Liliana Sb\u00eernea, senator PSD de Buz\u0103u, consider\u0103 c\u0103 aloc\u0103rile de la buget se fac pe criterii politice \u0219i cele mai mari sume vor fi direc\u021bionate c\u0103tre primarii Partidului Na\u021bional Liberal. Ordonan\u021ba privind rectificarea bugetului de stat este estimat\u0103 a se aproba \u00een cea de-a doua jum\u0103tate a lunii august. De la sf\u00e2r\u0219itul lunii iunie, bugetul Programului Na\u021bional de Dezvoltare Local\u0103, principala surs\u0103 de finan\u021bare pentru prim\u0103rii, a fost epuizat, iar proiectele deja \u00eencepute&hellip;<\/p>\n","protected":false},"author":4,"featured_media":10595,"comment_status":"closed","ping_status":"closed","sticky":false,"template":"","format":"standard","meta":{"footnotes":""},"categories":[143],"tags":[574,3513,1996],"class_list":["post-13166","post","type-post","status-publish","format-standard","has-post-thumbnail","hentry","category-editoriale","tag-buget","tag-liliana-sbirnea","tag-primari"],"gutentor_comment":0,"_links":{"self":[{"href":"https:\/\/scurtpe2.ro\/index.php?rest_route=\/wp\/v2\/posts\/13166","targetHints":{"allow":["GET"]}}],"collection":[{"href":"https:\/\/scurtpe2.ro\/index.php?rest_route=\/wp\/v2\/posts"}],"about":[{"href":"https:\/\/scurtpe2.ro\/index.php?rest_route=\/wp\/v2\/types\/post"}],"author":[{"embeddable":true,"href":"https:\/\/scurtpe2.ro\/index.php?rest_route=\/wp\/v2\/users\/4"}],"replies":[{"embeddable":true,"href":"https:\/\/scurtpe2.ro\/index.php?rest_route=%2Fwp%2Fv2%2Fcomments&post=13166"}],"version-history":[{"count":0,"href":"https:\/\/scurtpe2.ro\/index.php?rest_route=\/wp\/v2\/posts\/13166\/revisions"}],"wp:featuredmedia":[{"embeddable":true,"href":"https:\/\/scurtpe2.ro\/index.php?rest_route=\/wp\/v2\/media\/10595"}],"wp:attachment":[{"href":"https:\/\/scurtpe2.ro\/index.php?rest_route=%2Fwp%2Fv2%2Fmedia&parent=13166"}],"wp:term":[{"taxonomy":"category","embeddable":true,"href":"https:\/\/scurtpe2.ro\/index.php?rest_route=%2Fwp%2Fv2%2Fcategories&post=13166"},{"taxonomy":"post_tag","embeddable":true,"href":"https:\/\/scurtpe2.ro\/index.php?rest_route=%2Fwp%2Fv2%2Ftags&post=13166"}],"curies":[{"name":"wp","href":"https:\/\/api.w.org\/{rel}","templated":true}]}}