{"id":13062,"date":"2021-06-25T20:13:21","date_gmt":"2021-06-25T17:13:21","guid":{"rendered":"http:\/\/www.scurtpe2.ro\/?p=13062"},"modified":"2021-06-25T20:13:21","modified_gmt":"2021-06-25T17:13:21","slug":"lucrari-de-modernizare","status":"publish","type":"post","link":"https:\/\/scurtpe2.ro\/?p=13062","title":{"rendered":"LUCR\u0102RI DE MODERNIZARE"},"content":{"rendered":"<p class=\"yiv3622236621ydp7f815f0bmsonormal\" style=\"margin-top: 0cm;\"><span lang=\"EN-US\" style=\"font-size: 18.0pt; color: #1d2228;\">Dou\u0103 mari proiecte de modernizare vor fi implementate \u00een acest an \u00een municipiul R\u00e2mnicu S\u0103rat.\u00c2\u00a0Este vorba despre lucr\u0103ri \u00een cadrul proiectului de regenerare urban\u0103, care cuprinde modernizarea unui num\u0103r important de str\u0103zi \u0219i construirea de locuin\u021ber pentru tineri. Tot anul acesta va fi implementat \u0219i proiectul de mobilitate urban\u0103, care vizeaz\u0103, pe l\u00e2ng\u0103 asfaltarea unor str\u0103zi, \u0219i modernizarea transportului urban de c\u0103l\u0103tori.<br \/>\nP\u00e2n\u0103 la demararea acestor mari investi\u021bii, Administra\u021bia Domeniului Public\u00c2\u00a0realizeaz\u0103 lucr\u0103ri de repar\u021bii ale carosabilului. Locuitorii cartierelor de la periferia ora\u0219ului a\u0219teapt\u0103\u00c2\u00a0modernizarea str\u0103zilor care nu au fost\u00c2\u00a0niciodat\u0103\u00c2\u00a0asfaltate.<\/span><\/p>\n","protected":false},"excerpt":{"rendered":"<p>Dou\u0103 mari proiecte de modernizare vor fi implementate \u00een acest an \u00een municipiul R\u00e2mnicu S\u0103rat.\u00c2\u00a0Este vorba despre lucr\u0103ri \u00een cadrul proiectului de regenerare urban\u0103, care cuprinde modernizarea unui num\u0103r important de str\u0103zi \u0219i construirea de locuin\u021ber pentru tineri. Tot anul acesta va fi implementat \u0219i proiectul de mobilitate urban\u0103, care vizeaz\u0103, pe l\u00e2ng\u0103 asfaltarea unor str\u0103zi, \u0219i modernizarea transportului urban de c\u0103l\u0103tori. P\u00e2n\u0103 la demararea acestor mari investi\u021bii, Administra\u021bia Domeniului Public\u00c2\u00a0realizeaz\u0103 lucr\u0103ri de repar\u021bii ale carosabilului. Locuitorii cartierelor de la periferia ora\u0219ului a\u0219teapt\u0103\u00c2\u00a0modernizarea str\u0103zilor care nu au fost\u00c2\u00a0niciodat\u0103\u00c2\u00a0asfaltate.<\/p>\n","protected":false},"author":4,"featured_media":13063,"comment_status":"closed","ping_status":"closed","sticky":false,"template":"","format":"standard","meta":{"footnotes":""},"categories":[173],"tags":[286,832,138],"class_list":["post-13062","post","type-post","status-publish","format-standard","has-post-thumbnail","hentry","category-administrativ","tag-asfaltare","tag-modernizare","tag-transport"],"gutentor_comment":0,"_links":{"self":[{"href":"https:\/\/scurtpe2.ro\/index.php?rest_route=\/wp\/v2\/posts\/13062","targetHints":{"allow":["GET"]}}],"collection":[{"href":"https:\/\/scurtpe2.ro\/index.php?rest_route=\/wp\/v2\/posts"}],"about":[{"href":"https:\/\/scurtpe2.ro\/index.php?rest_route=\/wp\/v2\/types\/post"}],"author":[{"embeddable":true,"href":"https:\/\/scurtpe2.ro\/index.php?rest_route=\/wp\/v2\/users\/4"}],"replies":[{"embeddable":true,"href":"https:\/\/scurtpe2.ro\/index.php?rest_route=%2Fwp%2Fv2%2Fcomments&post=13062"}],"version-history":[{"count":0,"href":"https:\/\/scurtpe2.ro\/index.php?rest_route=\/wp\/v2\/posts\/13062\/revisions"}],"wp:featuredmedia":[{"embeddable":true,"href":"https:\/\/scurtpe2.ro\/index.php?rest_route=\/wp\/v2\/media\/13063"}],"wp:attachment":[{"href":"https:\/\/scurtpe2.ro\/index.php?rest_route=%2Fwp%2Fv2%2Fmedia&parent=13062"}],"wp:term":[{"taxonomy":"category","embeddable":true,"href":"https:\/\/scurtpe2.ro\/index.php?rest_route=%2Fwp%2Fv2%2Fcategories&post=13062"},{"taxonomy":"post_tag","embeddable":true,"href":"https:\/\/scurtpe2.ro\/index.php?rest_route=%2Fwp%2Fv2%2Ftags&post=13062"}],"curies":[{"name":"wp","href":"https:\/\/api.w.org\/{rel}","templated":true}]}}