{"id":13054,"date":"2021-06-25T20:10:10","date_gmt":"2021-06-25T17:10:10","guid":{"rendered":"http:\/\/www.scurtpe2.ro\/?p=13054"},"modified":"2021-06-25T20:10:10","modified_gmt":"2021-06-25T17:10:10","slug":"buzau-cel-mai-bun-brand-de-oras-din-europa","status":"publish","type":"post","link":"https:\/\/scurtpe2.ro\/?p=13054","title":{"rendered":"BUZ\u0102U, CEL MAI BUN BRAND DE ORA\u0218 DIN EUROPA"},"content":{"rendered":"<p>Municipiul Buz\u0103u are cel mai bun brand de ora\u0219 din Europa! Acest titlu a fost confirmat de juriul interna\u021bional al competi\u021biei &#8222;\u017eTransform Awards Europe&#8221;\u009d, singurul eveniment care recompenseaz\u0103 \u0219i celebreaz\u0103 excelen\u021ba \u00een dezvoltarea \u0219i transformarea brandurilor. \u00cen gala gala competi\u021biei &#8222;\u017eTransform Awards Europe&#8221;\u009d, care a avut loc miercuri sear\u0103, \u00een Londra, brandul de ora\u0219 al municipiului Buz\u0103u a c\u00e2\u0219tigat competi\u021bia cu cel al ora\u0219ului Paris.<\/p>\n<p>Anun\u021bul c\u00e2\u0219tig\u0103torului a fost \u00eent\u00e2mpinat cu aplauze chiar \u0219i de cei care erau prezen\u021bi \u00een sal\u0103, la Londra, dar \u0219i de autorit\u0103\u021bile din municipiul Buz\u0103u, care au urm\u0103rit gala \u00een sala de evenimente a Prim\u0103riei.<\/p>\n<p>Municipiul Buz\u0103u a fost \u00eenscris \u00een aceast\u0103 competi\u021bie european\u0103 cu logo-ul &#8222;\u0153Buz\u0103u &#8211; Ora\u0219 deschis&#8221;\u009d, conceput \u00een anul 2018 de c\u0103tre firma Wiron a ie\u0219eanului Adrian Mironescu. Brandul propus de t\u00e2n\u0103rul ie\u0219ean a prezentat o viziune pe care autorit\u0103\u021bile municipiului au au selectat-o dintr-un total de 24 de oferte.<\/p>\n","protected":false},"excerpt":{"rendered":"<p>Municipiul Buz\u0103u are cel mai bun brand de ora\u0219 din Europa! Acest titlu a fost confirmat de juriul interna\u021bional al competi\u021biei &#8222;\u017eTransform Awards Europe&#8221;\u009d, singurul eveniment care recompenseaz\u0103 \u0219i celebreaz\u0103 excelen\u021ba \u00een dezvoltarea \u0219i transformarea brandurilor. \u00cen gala gala competi\u021biei &#8222;\u017eTransform Awards Europe&#8221;\u009d, care a avut loc miercuri sear\u0103, \u00een Londra, brandul de ora\u0219 al municipiului Buz\u0103u a c\u00e2\u0219tigat competi\u021bia cu cel al ora\u0219ului Paris. Anun\u021bul c\u00e2\u0219tig\u0103torului a fost \u00eent\u00e2mpinat cu aplauze chiar \u0219i de cei care erau prezen\u021bi \u00een sal\u0103, la Londra, dar \u0219i de autorit\u0103\u021bile din municipiul Buz\u0103u,&hellip;<\/p>\n","protected":false},"author":4,"featured_media":13057,"comment_status":"closed","ping_status":"closed","sticky":false,"template":"","format":"standard","meta":{"footnotes":""},"categories":[173,168],"tags":[4730,203,4734],"class_list":["post-13054","post","type-post","status-publish","format-standard","has-post-thumbnail","hentry","category-administrativ","category-informatia-de-buzau","tag-brand","tag-buzau","tag-competitie-europeana"],"gutentor_comment":0,"_links":{"self":[{"href":"https:\/\/scurtpe2.ro\/index.php?rest_route=\/wp\/v2\/posts\/13054","targetHints":{"allow":["GET"]}}],"collection":[{"href":"https:\/\/scurtpe2.ro\/index.php?rest_route=\/wp\/v2\/posts"}],"about":[{"href":"https:\/\/scurtpe2.ro\/index.php?rest_route=\/wp\/v2\/types\/post"}],"author":[{"embeddable":true,"href":"https:\/\/scurtpe2.ro\/index.php?rest_route=\/wp\/v2\/users\/4"}],"replies":[{"embeddable":true,"href":"https:\/\/scurtpe2.ro\/index.php?rest_route=%2Fwp%2Fv2%2Fcomments&post=13054"}],"version-history":[{"count":0,"href":"https:\/\/scurtpe2.ro\/index.php?rest_route=\/wp\/v2\/posts\/13054\/revisions"}],"wp:featuredmedia":[{"embeddable":true,"href":"https:\/\/scurtpe2.ro\/index.php?rest_route=\/wp\/v2\/media\/13057"}],"wp:attachment":[{"href":"https:\/\/scurtpe2.ro\/index.php?rest_route=%2Fwp%2Fv2%2Fmedia&parent=13054"}],"wp:term":[{"taxonomy":"category","embeddable":true,"href":"https:\/\/scurtpe2.ro\/index.php?rest_route=%2Fwp%2Fv2%2Fcategories&post=13054"},{"taxonomy":"post_tag","embeddable":true,"href":"https:\/\/scurtpe2.ro\/index.php?rest_route=%2Fwp%2Fv2%2Ftags&post=13054"}],"curies":[{"name":"wp","href":"https:\/\/api.w.org\/{rel}","templated":true}]}}