{"id":12949,"date":"2021-06-18T18:00:12","date_gmt":"2021-06-18T15:00:12","guid":{"rendered":"http:\/\/www.scurtpe2.ro\/?p=12949"},"modified":"2021-06-18T16:59:16","modified_gmt":"2021-06-18T13:59:16","slug":"pregatiri-de-alegeri","status":"publish","type":"post","link":"https:\/\/scurtpe2.ro\/?p=12949","title":{"rendered":"PREG\u0102TIRI DE ALEGERI"},"content":{"rendered":"<p>Parlamentarii Alian\u021bei pentru Unirea Rom\u00e2niei catalogheaz\u0103 modul prin care Renate Weber a fost revocat\u0103 din func\u021bia de Avocat al Poporului drept o adev\u0103rat execu\u021bie public\u0103. Deputatul AUR de Buz\u0103u, Nicolae Roman, consider\u0103 c\u0103 Renate Weber a fost \u00eenl\u0103turat\u0103 din func\u021bie deoarece a atacat numeroase decizii abuzive ale Guvernului PNL \u00een plin\u0103 pandemie.<\/p>\n<p>\u00centr-o conferin\u021b\u0103 care a avut loc, ast\u0103zi, la Buz\u0103u, parlamentarul AUR s-a ar\u0103tat optimist \u00een privin\u021ba rezultatelor pe care cei 36 de candida\u021bi ai Alian\u021bei pentru Unirea Rom\u00e2niei le vor ob\u021bine la alegerile locale par\u021biale din aceast\u0103 lun\u0103. Nicolae Roman a declarat c\u0103, de\u0219i numero\u0219i candida\u021bi AUR au fost permanent intimida\u021bi, jum\u0103tate dintre ei au \u0219anse reale de a fi ale\u0219i primari.<\/p>\n<p><img loading=\"lazy\" decoding=\"async\" class=\"alignnone size-medium wp-image-12952\" src=\"http:\/\/www.scurtpe2.ro\/wp-content\/uploads\/2021\/06\/CAPTURA-ROMAN-660x365.jpg\" alt=\"\" width=\"660\" height=\"365\" \/><\/p>\n<p>Nicolae Roman a precizat \u0219i perioadele \u00een care se preconizeaz\u0103 a fi organizate alegeri interne \u00een cadrul filialelor AUR Buz\u0103u, dar \u0219i \u00een cadrul organiza\u021biei jude\u021bene. Deputatul a ad\u0103ugat c\u0103 AUR este deschis la primirea de noi membri, \u00eens\u0103 ace\u0219tia vor fi accepta\u021bi \u00een partid doar pe baza unor principii de integritate.<\/p>\n<p>Deputatul AUR a urat buzoienilor, cu ocazia Rusaliilor, mult\u0103 s\u0103n\u0103tate \u0219i c\u00e2t mai mult\u0103 lini\u0219te.<\/p>\n<p>Nicolae Roman nu a uitat nici aceste zile marcate de ploi extrem de abundente, care au afectat inclusiv jude\u021bul Buz\u0103u. Parlamentarul AUR consider\u0103 c\u0103 toate problemele cauzate de precipi\u021biile \u00een exces ar fi putut fi evitate dac\u0103 ar fi existat un plan coordonat de hidroameliorare \u00een Lunca Siretului.<\/p>\n","protected":false},"excerpt":{"rendered":"<p>Parlamentarii Alian\u021bei pentru Unirea Rom\u00e2niei catalogheaz\u0103 modul prin care Renate Weber a fost revocat\u0103 din func\u021bia de Avocat al Poporului drept o adev\u0103rat execu\u021bie public\u0103. Deputatul AUR de Buz\u0103u, Nicolae Roman, consider\u0103 c\u0103 Renate Weber a fost \u00eenl\u0103turat\u0103 din func\u021bie deoarece a atacat numeroase decizii abuzive ale Guvernului PNL \u00een plin\u0103 pandemie. \u00centr-o conferin\u021b\u0103 care a avut loc, ast\u0103zi, la Buz\u0103u, parlamentarul AUR s-a ar\u0103tat optimist \u00een privin\u021ba rezultatelor pe care cei 36 de candida\u021bi ai Alian\u021bei pentru Unirea Rom\u00e2niei le vor ob\u021bine la alegerile locale par\u021biale din aceast\u0103 lun\u0103.&hellip;<\/p>\n","protected":false},"author":4,"featured_media":12952,"comment_status":"closed","ping_status":"closed","sticky":false,"template":"","format":"standard","meta":{"footnotes":""},"categories":[168],"tags":[2234,4152,4691,4189,4695],"class_list":["post-12949","post","type-post","status-publish","format-standard","has-post-thumbnail","hentry","category-informatia-de-buzau","tag-alegeri","tag-aur-buzau","tag-avocatul-poporului","tag-deputat","tag-nicoale-roman"],"gutentor_comment":0,"_links":{"self":[{"href":"https:\/\/scurtpe2.ro\/index.php?rest_route=\/wp\/v2\/posts\/12949","targetHints":{"allow":["GET"]}}],"collection":[{"href":"https:\/\/scurtpe2.ro\/index.php?rest_route=\/wp\/v2\/posts"}],"about":[{"href":"https:\/\/scurtpe2.ro\/index.php?rest_route=\/wp\/v2\/types\/post"}],"author":[{"embeddable":true,"href":"https:\/\/scurtpe2.ro\/index.php?rest_route=\/wp\/v2\/users\/4"}],"replies":[{"embeddable":true,"href":"https:\/\/scurtpe2.ro\/index.php?rest_route=%2Fwp%2Fv2%2Fcomments&post=12949"}],"version-history":[{"count":0,"href":"https:\/\/scurtpe2.ro\/index.php?rest_route=\/wp\/v2\/posts\/12949\/revisions"}],"wp:featuredmedia":[{"embeddable":true,"href":"https:\/\/scurtpe2.ro\/index.php?rest_route=\/wp\/v2\/media\/12952"}],"wp:attachment":[{"href":"https:\/\/scurtpe2.ro\/index.php?rest_route=%2Fwp%2Fv2%2Fmedia&parent=12949"}],"wp:term":[{"taxonomy":"category","embeddable":true,"href":"https:\/\/scurtpe2.ro\/index.php?rest_route=%2Fwp%2Fv2%2Fcategories&post=12949"},{"taxonomy":"post_tag","embeddable":true,"href":"https:\/\/scurtpe2.ro\/index.php?rest_route=%2Fwp%2Fv2%2Ftags&post=12949"}],"curies":[{"name":"wp","href":"https:\/\/api.w.org\/{rel}","templated":true}]}}