{"id":12903,"date":"2021-06-15T13:59:32","date_gmt":"2021-06-15T10:59:32","guid":{"rendered":"http:\/\/www.scurtpe2.ro\/?p=12903"},"modified":"2021-06-15T13:59:32","modified_gmt":"2021-06-15T10:59:32","slug":"selectionata-la-echipa-nationala","status":"publish","type":"post","link":"https:\/\/scurtpe2.ro\/?p=12903","title":{"rendered":"SELEC\u021aIONAT\u0102 LA ECHIPA NA\u021aIONAL\u0102"},"content":{"rendered":"<p>O singur\u0103 handbalist\u0103 de la SCM Gloria Buz\u0103u face parte din lotul Rom\u00e2niei pentru primul stagiu de preg\u0103tire \u00eenaintea Campionatului Mondial de handbal feminin din Spania, din luna decembrie. Este vorba despre interul dreapta Alina Ilie, care, de altfel, revine cu aceast\u0103 ocazie la echipa na\u021bional\u0103, dup\u0103 ce nu a mai fost luat\u0103 \u00een calcul la ultimele convoc\u0103ri. Totodat\u0103, pe lista selec\u021bionerului Adrian Vasile se afl\u0103 \u0219i dou\u0103 juc\u0103toare care vor evolua \u00een sezonul viitor la Gloria Buz\u0103u, interul st\u00e2nga Bianca Tiron, de la Dun\u0103rea Br\u0103ila, \u0219i extrema dreapta Andra Moroianu, de la Gloria Bistri\u021ba.<\/p>\n<p>Na\u021bionala de handbal feminin se va reuni pe data de 6 iulie, iar pe 9 iulie va pleca \u00een Spania, pentru dou\u0103 jocuri amicale cu reprezentativa gazd\u0103, echip\u0103 calificat\u0103 la Jocurile Olimpice. Adrian Vasile a convocat pentru aceast\u0103 ac\u021biune 18 juc\u0103toare, un lot mixt, cu componente de baz\u0103, dar \u0219i cu multe juc\u0103toare tinere.<\/p>\n","protected":false},"excerpt":{"rendered":"<p>O singur\u0103 handbalist\u0103 de la SCM Gloria Buz\u0103u face parte din lotul Rom\u00e2niei pentru primul stagiu de preg\u0103tire \u00eenaintea Campionatului Mondial de handbal feminin din Spania, din luna decembrie. Este vorba despre interul dreapta Alina Ilie, care, de altfel, revine cu aceast\u0103 ocazie la echipa na\u021bional\u0103, dup\u0103 ce nu a mai fost luat\u0103 \u00een calcul la ultimele convoc\u0103ri. Totodat\u0103, pe lista selec\u021bionerului Adrian Vasile se afl\u0103 \u0219i dou\u0103 juc\u0103toare care vor evolua \u00een sezonul viitor la Gloria Buz\u0103u, interul st\u00e2nga Bianca Tiron, de la Dun\u0103rea Br\u0103ila, \u0219i extrema dreapta Andra&hellip;<\/p>\n","protected":false},"author":4,"featured_media":9268,"comment_status":"closed","ping_status":"closed","sticky":false,"template":"","format":"standard","meta":{"footnotes":""},"categories":[160],"tags":[4654,2151,3833],"class_list":["post-12903","post","type-post","status-publish","format-standard","has-post-thumbnail","hentry","category-sport","tag-alina-ilie","tag-handbal","tag-nationala"],"gutentor_comment":0,"_links":{"self":[{"href":"https:\/\/scurtpe2.ro\/index.php?rest_route=\/wp\/v2\/posts\/12903","targetHints":{"allow":["GET"]}}],"collection":[{"href":"https:\/\/scurtpe2.ro\/index.php?rest_route=\/wp\/v2\/posts"}],"about":[{"href":"https:\/\/scurtpe2.ro\/index.php?rest_route=\/wp\/v2\/types\/post"}],"author":[{"embeddable":true,"href":"https:\/\/scurtpe2.ro\/index.php?rest_route=\/wp\/v2\/users\/4"}],"replies":[{"embeddable":true,"href":"https:\/\/scurtpe2.ro\/index.php?rest_route=%2Fwp%2Fv2%2Fcomments&post=12903"}],"version-history":[{"count":0,"href":"https:\/\/scurtpe2.ro\/index.php?rest_route=\/wp\/v2\/posts\/12903\/revisions"}],"wp:featuredmedia":[{"embeddable":true,"href":"https:\/\/scurtpe2.ro\/index.php?rest_route=\/wp\/v2\/media\/9268"}],"wp:attachment":[{"href":"https:\/\/scurtpe2.ro\/index.php?rest_route=%2Fwp%2Fv2%2Fmedia&parent=12903"}],"wp:term":[{"taxonomy":"category","embeddable":true,"href":"https:\/\/scurtpe2.ro\/index.php?rest_route=%2Fwp%2Fv2%2Fcategories&post=12903"},{"taxonomy":"post_tag","embeddable":true,"href":"https:\/\/scurtpe2.ro\/index.php?rest_route=%2Fwp%2Fv2%2Ftags&post=12903"}],"curies":[{"name":"wp","href":"https:\/\/api.w.org\/{rel}","templated":true}]}}