{"id":12886,"date":"2021-06-14T19:26:20","date_gmt":"2021-06-14T16:26:20","guid":{"rendered":"http:\/\/www.scurtpe2.ro\/?p=12886"},"modified":"2021-06-14T19:26:20","modified_gmt":"2021-06-14T16:26:20","slug":"activitate-intensa","status":"publish","type":"post","link":"https:\/\/scurtpe2.ro\/?p=12886","title":{"rendered":"ACTIVITATE INTENS\u0102"},"content":{"rendered":"<p>Activitate intens\u0103 pentru Poli\u021bia Local\u0103 R\u00e2mnicu S\u0103rat. De la debutul pandemiei de coronavirus, pe l\u00e2ng\u0103 ac\u021biunile zilnice, poli\u021bi\u0219tii locali au desf\u0103\u0219urat activit\u0103\u021bi pentru impunerea normelor legale \u00een scopul prevenirii \u0219i r\u0103sp\u00e2ndirii virusului SARS COV-2. Astfel, au fost efectuate verific\u0103ri la persoanele izolate \u0219i carantinate la domiciliu, pe raza municipiului Rm.S\u0103rat.<br \/>\n\u00cen continuare sunt efectuate controale privind respectarea m\u0103surii de izolare \u0219i carantinare, purtarea m\u0103\u0219tii de protec\u021bie \u00een spa\u021biile publice, dar \u0219i organizarea unor evenimente private cu \u00eenc\u0103lcarea prevederilor legale.<br \/>\nPoli\u021bia Local\u0103 recomand\u0103 cet\u0103\u021benilor s\u0103 apeleze \u00een timp util \u0219i \u00een mod pertinent Dispeceratul institu\u021biei, la num\u0103rul de telefon 0238\/560101, \u00een cazul \u00een care sesizeaz\u0103 \u00eenc\u0103lcari ale normelor legale.<\/p>\n","protected":false},"excerpt":{"rendered":"<p>Activitate intens\u0103 pentru Poli\u021bia Local\u0103 R\u00e2mnicu S\u0103rat. De la debutul pandemiei de coronavirus, pe l\u00e2ng\u0103 ac\u021biunile zilnice, poli\u021bi\u0219tii locali au desf\u0103\u0219urat activit\u0103\u021bi pentru impunerea normelor legale \u00een scopul prevenirii \u0219i r\u0103sp\u00e2ndirii virusului SARS COV-2. Astfel, au fost efectuate verific\u0103ri la persoanele izolate \u0219i carantinate la domiciliu, pe raza municipiului Rm.S\u0103rat. \u00cen continuare sunt efectuate controale privind respectarea m\u0103surii de izolare \u0219i carantinare, purtarea m\u0103\u0219tii de protec\u021bie \u00een spa\u021biile publice, dar \u0219i organizarea unor evenimente private cu \u00eenc\u0103lcarea prevederilor legale. Poli\u021bia Local\u0103 recomand\u0103 cet\u0103\u021benilor s\u0103 apeleze \u00een timp util \u0219i \u00een&hellip;<\/p>\n","protected":false},"author":4,"featured_media":7104,"comment_status":"closed","ping_status":"closed","sticky":false,"template":"","format":"standard","meta":{"footnotes":""},"categories":[165],"tags":[284,275,720],"class_list":["post-12886","post","type-post","status-publish","format-standard","has-post-thumbnail","hentry","category-informatia-de-ramnic","tag-carantina","tag-pandemie","tag-politia-locala"],"gutentor_comment":0,"_links":{"self":[{"href":"https:\/\/scurtpe2.ro\/index.php?rest_route=\/wp\/v2\/posts\/12886","targetHints":{"allow":["GET"]}}],"collection":[{"href":"https:\/\/scurtpe2.ro\/index.php?rest_route=\/wp\/v2\/posts"}],"about":[{"href":"https:\/\/scurtpe2.ro\/index.php?rest_route=\/wp\/v2\/types\/post"}],"author":[{"embeddable":true,"href":"https:\/\/scurtpe2.ro\/index.php?rest_route=\/wp\/v2\/users\/4"}],"replies":[{"embeddable":true,"href":"https:\/\/scurtpe2.ro\/index.php?rest_route=%2Fwp%2Fv2%2Fcomments&post=12886"}],"version-history":[{"count":0,"href":"https:\/\/scurtpe2.ro\/index.php?rest_route=\/wp\/v2\/posts\/12886\/revisions"}],"wp:featuredmedia":[{"embeddable":true,"href":"https:\/\/scurtpe2.ro\/index.php?rest_route=\/wp\/v2\/media\/7104"}],"wp:attachment":[{"href":"https:\/\/scurtpe2.ro\/index.php?rest_route=%2Fwp%2Fv2%2Fmedia&parent=12886"}],"wp:term":[{"taxonomy":"category","embeddable":true,"href":"https:\/\/scurtpe2.ro\/index.php?rest_route=%2Fwp%2Fv2%2Fcategories&post=12886"},{"taxonomy":"post_tag","embeddable":true,"href":"https:\/\/scurtpe2.ro\/index.php?rest_route=%2Fwp%2Fv2%2Ftags&post=12886"}],"curies":[{"name":"wp","href":"https:\/\/api.w.org\/{rel}","templated":true}]}}