{"id":12813,"date":"2021-06-07T19:41:22","date_gmt":"2021-06-07T16:41:22","guid":{"rendered":"http:\/\/www.scurtpe2.ro\/?p=12813"},"modified":"2021-06-08T19:42:17","modified_gmt":"2021-06-08T16:42:17","slug":"absolventii-indemnati-sa-revina-acasa","status":"publish","type":"post","link":"https:\/\/scurtpe2.ro\/?p=12813","title":{"rendered":"ABSOLVEN\u021aII, \u00ceNDEMNA\u021aI S\u0102 REVIN\u0102 ACAS\u0102"},"content":{"rendered":"<p>La sf\u00e2r\u0219itul s\u0103pt\u0103m\u00e2nii trecute, au avut loc festivit\u0103\u021bile de absolvire a promo\u021biilor de liceeni 2017 &#8222;\u201c 2021. La festivit\u0103\u021bile de la Colegiile Na\u021bionale ,,Mihai Eminescu&#8221;\u009d \u0219i ,,Bogdan Petriceicu Hasdeu&#8221;\u009d a \u021binut s\u0103 fie prezent \u0219i primarul municipiului Buz\u0103u, Constantin Toma. Edilul a profitat de prilej pentru a le adresa elevilor celor dou\u0103 prestigioase licee \u00eendemnul de a reveni acas\u0103, \u00een Buz\u0103u, dup\u0103 finalizarea studiilor universitare.<\/p>\n<p>\u00cen acela\u0219i context, primarul Constantin Toma a f\u0103cut refeferire la o nominalizare, mai mult dec\u00e2t onorant\u0103, de care municipiul Buz\u0103u are parte, \u00een cadrul unei competi\u021bii europene. Este vorba despre concursul &#8222;\u017e2021 Transform Awards Europe&#8221;\u009d, organizat de publica\u021bia &#8222;\u017eTransform Magazine&#8221;\u009d din Marea Britanie. La categoria &#8222;\u017eCel mai bun brand de localitate sau de \u021bar\u0103&#8221;\u009d au fost f\u0103cute dou\u0103 nominaliz\u0103ri: &#8222;\u017eOra\u0219ul Paris \u0219i Ora\u0219ul Buz\u0103u&#8221;\u009d.<\/p>\n<p>Brandul municipiului Buz\u0103u a fost lansat \u00een prim\u0103vara anului 2018, sub logo-ul &#8222;\u0153Buz\u0103u &#8211; Ora\u0219 deschis&#8221;\u009d.<\/p>\n<p>C\u00e2\u0219tig\u0103torii consursului organizat de publica\u021bia &#8222;\u017eTransform Magazine&#8221;\u009d din Marea Britanie vor fi anun\u021ba\u021bi \u00eentr-o gal\u0103 ce va avea loc pe 23 iunie.<\/p>\n","protected":false},"excerpt":{"rendered":"<p>La sf\u00e2r\u0219itul s\u0103pt\u0103m\u00e2nii trecute, au avut loc festivit\u0103\u021bile de absolvire a promo\u021biilor de liceeni 2017 &#8222;\u201c 2021. La festivit\u0103\u021bile de la Colegiile Na\u021bionale ,,Mihai Eminescu&#8221;\u009d \u0219i ,,Bogdan Petriceicu Hasdeu&#8221;\u009d a \u021binut s\u0103 fie prezent \u0219i primarul municipiului Buz\u0103u, Constantin Toma. Edilul a profitat de prilej pentru a le adresa elevilor celor dou\u0103 prestigioase licee \u00eendemnul de a reveni acas\u0103, \u00een Buz\u0103u, dup\u0103 finalizarea studiilor universitare. \u00cen acela\u0219i context, primarul Constantin Toma a f\u0103cut refeferire la o nominalizare, mai mult dec\u00e2t onorant\u0103, de care municipiul Buz\u0103u are parte, \u00een cadrul unei&hellip;<\/p>\n","protected":false},"author":4,"featured_media":9284,"comment_status":"closed","ping_status":"closed","sticky":false,"template":"","format":"standard","meta":{"footnotes":""},"categories":[168],"tags":[4385,318,1877],"class_list":["post-12813","post","type-post","status-publish","format-standard","has-post-thumbnail","hentry","category-informatia-de-buzau","tag-absolventi","tag-constantin-toma","tag-liceu"],"gutentor_comment":0,"_links":{"self":[{"href":"https:\/\/scurtpe2.ro\/index.php?rest_route=\/wp\/v2\/posts\/12813","targetHints":{"allow":["GET"]}}],"collection":[{"href":"https:\/\/scurtpe2.ro\/index.php?rest_route=\/wp\/v2\/posts"}],"about":[{"href":"https:\/\/scurtpe2.ro\/index.php?rest_route=\/wp\/v2\/types\/post"}],"author":[{"embeddable":true,"href":"https:\/\/scurtpe2.ro\/index.php?rest_route=\/wp\/v2\/users\/4"}],"replies":[{"embeddable":true,"href":"https:\/\/scurtpe2.ro\/index.php?rest_route=%2Fwp%2Fv2%2Fcomments&post=12813"}],"version-history":[{"count":0,"href":"https:\/\/scurtpe2.ro\/index.php?rest_route=\/wp\/v2\/posts\/12813\/revisions"}],"wp:featuredmedia":[{"embeddable":true,"href":"https:\/\/scurtpe2.ro\/index.php?rest_route=\/wp\/v2\/media\/9284"}],"wp:attachment":[{"href":"https:\/\/scurtpe2.ro\/index.php?rest_route=%2Fwp%2Fv2%2Fmedia&parent=12813"}],"wp:term":[{"taxonomy":"category","embeddable":true,"href":"https:\/\/scurtpe2.ro\/index.php?rest_route=%2Fwp%2Fv2%2Fcategories&post=12813"},{"taxonomy":"post_tag","embeddable":true,"href":"https:\/\/scurtpe2.ro\/index.php?rest_route=%2Fwp%2Fv2%2Ftags&post=12813"}],"curies":[{"name":"wp","href":"https:\/\/api.w.org\/{rel}","templated":true}]}}