{"id":12806,"date":"2021-06-07T19:35:18","date_gmt":"2021-06-07T16:35:18","guid":{"rendered":"http:\/\/www.scurtpe2.ro\/?p=12806"},"modified":"2021-06-08T19:38:29","modified_gmt":"2021-06-08T16:38:29","slug":"noi-masuri-de-fluidizare-a-traficului","status":"publish","type":"post","link":"https:\/\/scurtpe2.ro\/?p=12806","title":{"rendered":"NOI M\u0102SURI DE FLUIDIZARE A TRAFICULUI"},"content":{"rendered":"<p class=\"yiv2086919330ydp9df88197msonormal\" style=\"background: white;\"><span lang=\"EN-US\" style=\"font-size: 18.0pt;\">\u00cen Rm. S\u0103rat trebuie implementate noi m\u0103suri de fluidizare a traficului. Este \u0219i p\u0103rarea unor consilieri locali care au propus autorit\u0103\u021bilor noi m\u0103suri de sistematizare rutier\u0103. Raul Florescu, consilier PMP, crede c\u0103 este necesar\u0103 \u00eenfiin\u021barea unui sens giratoriu \u00een cartierul Bariera Foc\u0219ani, dar \u0219i a unuia \u00een intersec\u021bia \u0218oseaua Puie\u0219ti, Bulevardul Eroilor \u0219i strada C\u0103pitan Ro\u0219ca Nicolae.<\/span><\/p>\n<p class=\"yiv2086919330ydp9df88197msonormal\" style=\"background: white;\"><span lang=\"EN-US\" style=\"font-size: 18.0pt;\">Primarul municipiului Rm S\u0103rat recunoa\u0219te c\u0103 \u00eenfiin\u021barea unui sens giratoriu \u00een cartierul Bariera Foc\u0219ani a fost propus\u0103 cu ani \u00een urm\u0103, dar o astfel de m\u0103sur\u0103 s-a tot \u00eent\u00e2rziat, deoarece pentru realizarea rondului este necesar inclusiv un teren care apar\u021bine domeniului privat. De asemenea, edilul spune c\u0103 se impun sensuri-giratorii \u00een mai multe puncte ale ora\u0219ului. Dou\u0103 zone care ridic\u0103 mari probleme sunt Nou\u0103 Tei, pe DN2 E85, dar \u0219i intersec\u021bia strazii Principele Ferdinand cu DN2 E85.<\/span><\/p>\n<p class=\"yiv2086919330ydp9df88197msonormal\" style=\"background: white;\"><span lang=\"EN-US\" style=\"font-size: 18.0pt;\">Un alt consilier local PMP, Florentin Pascu, a adus \u00een aten\u021bia autorit\u0103\u021bilor o hot\u0103r\u00e2re a Consiliului Local Municipal R\u00e2mnicu S\u0103rat din anul 2020, care stabilea noi m\u0103suri adminstrativ rutiere, dar care nu a fost aplicat\u0103 nici p\u00e2n\u0103 \u00een prezent.<\/span><\/p>\n<p class=\"yiv2086919330ydp9df88197msonormal\" style=\"background: white;\"><span lang=\"EN-US\" style=\"font-size: 18.0pt;\">Noile masuri rutiere au fost adoptate, \u00eenc\u0103 din luna februarie a anului trecut, printr-un\u00c2\u00a0\u00c2\u00a0proiect de hotarare a Consiliului Local Municipal R\u00e2mnicu S\u0103rat, \u00een urma propunerilor f\u0103cute de Comisia Local\u0103 pentru Sistematizarea Circula\u021biei.<\/span><\/p>\n","protected":false},"excerpt":{"rendered":"<p>\u00cen Rm. S\u0103rat trebuie implementate noi m\u0103suri de fluidizare a traficului. Este \u0219i p\u0103rarea unor consilieri locali care au propus autorit\u0103\u021bilor noi m\u0103suri de sistematizare rutier\u0103. Raul Florescu, consilier PMP, crede c\u0103 este necesar\u0103 \u00eenfiin\u021barea unui sens giratoriu \u00een cartierul Bariera Foc\u0219ani, dar \u0219i a unuia \u00een intersec\u021bia \u0218oseaua Puie\u0219ti, Bulevardul Eroilor \u0219i strada C\u0103pitan Ro\u0219ca Nicolae. Primarul municipiului Rm S\u0103rat recunoa\u0219te c\u0103 \u00eenfiin\u021barea unui sens giratoriu \u00een cartierul Bariera Foc\u0219ani a fost propus\u0103 cu ani \u00een urm\u0103, dar o astfel de m\u0103sur\u0103 s-a tot \u00eent\u00e2rziat, deoarece pentru realizarea rondului&hellip;<\/p>\n","protected":false},"author":4,"featured_media":12809,"comment_status":"closed","ping_status":"closed","sticky":false,"template":"","format":"standard","meta":{"footnotes":""},"categories":[173],"tags":[1015,247,728],"class_list":["post-12806","post","type-post","status-publish","format-standard","has-post-thumbnail","hentry","category-administrativ","tag-consilieri","tag-rm-sarat","tag-trafic"],"gutentor_comment":0,"_links":{"self":[{"href":"https:\/\/scurtpe2.ro\/index.php?rest_route=\/wp\/v2\/posts\/12806","targetHints":{"allow":["GET"]}}],"collection":[{"href":"https:\/\/scurtpe2.ro\/index.php?rest_route=\/wp\/v2\/posts"}],"about":[{"href":"https:\/\/scurtpe2.ro\/index.php?rest_route=\/wp\/v2\/types\/post"}],"author":[{"embeddable":true,"href":"https:\/\/scurtpe2.ro\/index.php?rest_route=\/wp\/v2\/users\/4"}],"replies":[{"embeddable":true,"href":"https:\/\/scurtpe2.ro\/index.php?rest_route=%2Fwp%2Fv2%2Fcomments&post=12806"}],"version-history":[{"count":0,"href":"https:\/\/scurtpe2.ro\/index.php?rest_route=\/wp\/v2\/posts\/12806\/revisions"}],"wp:featuredmedia":[{"embeddable":true,"href":"https:\/\/scurtpe2.ro\/index.php?rest_route=\/wp\/v2\/media\/12809"}],"wp:attachment":[{"href":"https:\/\/scurtpe2.ro\/index.php?rest_route=%2Fwp%2Fv2%2Fmedia&parent=12806"}],"wp:term":[{"taxonomy":"category","embeddable":true,"href":"https:\/\/scurtpe2.ro\/index.php?rest_route=%2Fwp%2Fv2%2Fcategories&post=12806"},{"taxonomy":"post_tag","embeddable":true,"href":"https:\/\/scurtpe2.ro\/index.php?rest_route=%2Fwp%2Fv2%2Ftags&post=12806"}],"curies":[{"name":"wp","href":"https:\/\/api.w.org\/{rel}","templated":true}]}}