{"id":12666,"date":"2021-05-21T18:28:39","date_gmt":"2021-05-21T15:28:39","guid":{"rendered":"http:\/\/www.scurtpe2.ro\/?p=12666"},"modified":"2021-05-31T15:30:05","modified_gmt":"2021-05-31T12:30:05","slug":"amenda-pentru-gunoaie-ilegale","status":"publish","type":"post","link":"https:\/\/scurtpe2.ro\/?p=12666","title":{"rendered":"AMEND\u0102 PENTRU GUNOAIE ILEGALE"},"content":{"rendered":"<p>Amend\u0103 ustur\u0103toare primit\u0103 de Prim\u0103ria Rm. S\u0103rat de la Garda de Mediu Buz\u0103u, pentru neregulile constatate pe cursul de ap\u0103 al r\u00e2ului Rm. S\u0103rat. Controlul a avut loc pe 12 mai, iar verific\u0103rile au vizat modul \u00een care a fost salubrizat cursul de ap\u0103 Rm. S\u0103rat \u0219i malurile acestuia, \u00een zona municipiului. De asemenea, controlul a urm\u0103rit dac\u0103 au fost realizate \u0219i \u00eentre\u021binute \u0219anturile \u0219i rigolele \u00een localitate pentru asigurarea sec\u021biunilor de scurgere a apelor. Comisarii G\u0103rzii de Mediu au constatat existen\u021ba pe malurile R\u00e2mnicului, c\u00e2t \u0219i \u00een zona aferent\u0103, a unor depozit\u0103ri \u00c2\u00a0ilegale de de\u0219euri menajere \u0219i reciclabile, inclusiv de\u0219euri de construc\u021bii \u0219i demol\u0103ri \u0219i au amendat Prim\u0103ria cu 15.000 lei.<\/p>\n<p>Autorit\u0103\u021bile din Rm. S\u0103rat fac un nou apel c\u0103tre cet\u0103\u021beni s\u0103 nu mai depoziteze ilegal de\u0219eurile provenite din\u00c2\u00a0construc\u021bii \u0219i demol\u0103ri.<\/p>\n<p>Primarul din Rm. S\u0103rat atrage aten\u021bia \u0219i asupra demol\u0103rilor din interiorul apartamentelor care se realizeaz\u0103 ilegal. Locuitorii ora\u0219ului trebuie s\u0103 \u00een\u021beleag\u0103 \u0219i s\u0103 respecte modul de colectare \u0219i depozitare pentru de\u0219eurile provenite din\u00c2\u00a0construc\u021bii \u0219i demol\u0103ri. De asemenea, to\u021bi cet\u0103\u021benii trebuie s\u0103 \u00eencheie contracte cu operatorul de salubrizare.<\/p>\n<p>Pe l\u00e2ng\u0103 amend\u0103, Garda de Mediu a impus \u0219i m\u0103suri de salubrizare a terenului ocupat de depozitele ilegale de de\u0219euri.<\/p>\n","protected":false},"excerpt":{"rendered":"<p>Amend\u0103 ustur\u0103toare primit\u0103 de Prim\u0103ria Rm. S\u0103rat de la Garda de Mediu Buz\u0103u, pentru neregulile constatate pe cursul de ap\u0103 al r\u00e2ului Rm. S\u0103rat. Controlul a avut loc pe 12 mai, iar verific\u0103rile au vizat modul \u00een care a fost salubrizat cursul de ap\u0103 Rm. S\u0103rat \u0219i malurile acestuia, \u00een zona municipiului. De asemenea, controlul a urm\u0103rit dac\u0103 au fost realizate \u0219i \u00eentre\u021binute \u0219anturile \u0219i rigolele \u00een localitate pentru asigurarea sec\u021biunilor de scurgere a apelor. Comisarii G\u0103rzii de Mediu au constatat existen\u021ba pe malurile R\u00e2mnicului, c\u00e2t \u0219i \u00een zona aferent\u0103,&hellip;<\/p>\n","protected":false},"author":4,"featured_media":10243,"comment_status":"closed","ping_status":"closed","sticky":false,"template":"","format":"standard","meta":{"footnotes":""},"categories":[173],"tags":[869,4253,4551,771],"class_list":["post-12666","post","type-post","status-publish","format-standard","has-post-thumbnail","hentry","category-administrativ","tag-amenda","tag-demolari","tag-gunoaie","tag-primaria-rm-sarat"],"gutentor_comment":0,"_links":{"self":[{"href":"https:\/\/scurtpe2.ro\/index.php?rest_route=\/wp\/v2\/posts\/12666","targetHints":{"allow":["GET"]}}],"collection":[{"href":"https:\/\/scurtpe2.ro\/index.php?rest_route=\/wp\/v2\/posts"}],"about":[{"href":"https:\/\/scurtpe2.ro\/index.php?rest_route=\/wp\/v2\/types\/post"}],"author":[{"embeddable":true,"href":"https:\/\/scurtpe2.ro\/index.php?rest_route=\/wp\/v2\/users\/4"}],"replies":[{"embeddable":true,"href":"https:\/\/scurtpe2.ro\/index.php?rest_route=%2Fwp%2Fv2%2Fcomments&post=12666"}],"version-history":[{"count":0,"href":"https:\/\/scurtpe2.ro\/index.php?rest_route=\/wp\/v2\/posts\/12666\/revisions"}],"wp:featuredmedia":[{"embeddable":true,"href":"https:\/\/scurtpe2.ro\/index.php?rest_route=\/wp\/v2\/media\/10243"}],"wp:attachment":[{"href":"https:\/\/scurtpe2.ro\/index.php?rest_route=%2Fwp%2Fv2%2Fmedia&parent=12666"}],"wp:term":[{"taxonomy":"category","embeddable":true,"href":"https:\/\/scurtpe2.ro\/index.php?rest_route=%2Fwp%2Fv2%2Fcategories&post=12666"},{"taxonomy":"post_tag","embeddable":true,"href":"https:\/\/scurtpe2.ro\/index.php?rest_route=%2Fwp%2Fv2%2Ftags&post=12666"}],"curies":[{"name":"wp","href":"https:\/\/api.w.org\/{rel}","templated":true}]}}