{"id":12658,"date":"2021-05-18T17:43:24","date_gmt":"2021-05-18T14:43:24","guid":{"rendered":"http:\/\/www.scurtpe2.ro\/?p=12658"},"modified":"2021-05-31T14:45:37","modified_gmt":"2021-05-31T11:45:37","slug":"proiect-de-combatare-a-saraciei","status":"publish","type":"post","link":"https:\/\/scurtpe2.ro\/?p=12658","title":{"rendered":"PROIECT DE COMBATARE A S\u0102R\u0102CIEI"},"content":{"rendered":"<p>Autorit\u0103\u021bile din Rm S\u0103rat \u00ee\u0219i propun noi m\u0103suri pentru reducerea s\u0103r\u0103ciei \u0219i integrarea persoanelor nevoia\u0219e \u00een societate. \u00cen acest sens, municipalitatea a accesat un proiect cu bani europeni care urm\u0103re\u0219te reducerea num\u0103rului de persoane aflate \u00een s\u0103r\u0103cie \u0219i marginalizate. Consiliul Local Municipal Rm. S\u0103rat a aprobat recent contribu\u021bia financiar\u0103 a Prim\u0103riei la punerea \u00een practic\u0103 a acestui proiect.<\/p>\n<p>Parteneri \u00een cadrul proiectului sunt \u0218coala Gimnazial\u0103 ,,Gheorghe Vernescu&#8221;\u009d \u0219i Direc\u021bia de Asisten\u021b\u0103 Social\u0103 Rm. S\u0103rat.<\/p>\n","protected":false},"excerpt":{"rendered":"<p>Autorit\u0103\u021bile din Rm S\u0103rat \u00ee\u0219i propun noi m\u0103suri pentru reducerea s\u0103r\u0103ciei \u0219i integrarea persoanelor nevoia\u0219e \u00een societate. \u00cen acest sens, municipalitatea a accesat un proiect cu bani europeni care urm\u0103re\u0219te reducerea num\u0103rului de persoane aflate \u00een s\u0103r\u0103cie \u0219i marginalizate. Consiliul Local Municipal Rm. S\u0103rat a aprobat recent contribu\u021bia financiar\u0103 a Prim\u0103riei la punerea \u00een practic\u0103 a acestui proiect. Parteneri \u00een cadrul proiectului sunt \u0218coala Gimnazial\u0103 ,,Gheorghe Vernescu&#8221;\u009d \u0219i Direc\u021bia de Asisten\u021b\u0103 Social\u0103 Rm. S\u0103rat.<\/p>\n","protected":false},"author":4,"featured_media":12388,"comment_status":"closed","ping_status":"closed","sticky":false,"template":"","format":"standard","meta":{"footnotes":""},"categories":[165],"tags":[3380,1369,3254],"class_list":["post-12658","post","type-post","status-publish","format-standard","has-post-thumbnail","hentry","category-informatia-de-ramnic","tag-clm-rm-sarat","tag-proiect","tag-saracie"],"gutentor_comment":0,"_links":{"self":[{"href":"https:\/\/scurtpe2.ro\/index.php?rest_route=\/wp\/v2\/posts\/12658","targetHints":{"allow":["GET"]}}],"collection":[{"href":"https:\/\/scurtpe2.ro\/index.php?rest_route=\/wp\/v2\/posts"}],"about":[{"href":"https:\/\/scurtpe2.ro\/index.php?rest_route=\/wp\/v2\/types\/post"}],"author":[{"embeddable":true,"href":"https:\/\/scurtpe2.ro\/index.php?rest_route=\/wp\/v2\/users\/4"}],"replies":[{"embeddable":true,"href":"https:\/\/scurtpe2.ro\/index.php?rest_route=%2Fwp%2Fv2%2Fcomments&post=12658"}],"version-history":[{"count":0,"href":"https:\/\/scurtpe2.ro\/index.php?rest_route=\/wp\/v2\/posts\/12658\/revisions"}],"wp:featuredmedia":[{"embeddable":true,"href":"https:\/\/scurtpe2.ro\/index.php?rest_route=\/wp\/v2\/media\/12388"}],"wp:attachment":[{"href":"https:\/\/scurtpe2.ro\/index.php?rest_route=%2Fwp%2Fv2%2Fmedia&parent=12658"}],"wp:term":[{"taxonomy":"category","embeddable":true,"href":"https:\/\/scurtpe2.ro\/index.php?rest_route=%2Fwp%2Fv2%2Fcategories&post=12658"},{"taxonomy":"post_tag","embeddable":true,"href":"https:\/\/scurtpe2.ro\/index.php?rest_route=%2Fwp%2Fv2%2Ftags&post=12658"}],"curies":[{"name":"wp","href":"https:\/\/api.w.org\/{rel}","templated":true}]}}