{"id":12623,"date":"2021-05-12T15:51:43","date_gmt":"2021-05-12T12:51:43","guid":{"rendered":"http:\/\/www.scurtpe2.ro\/?p=12623"},"modified":"2021-05-31T13:53:44","modified_gmt":"2021-05-31T10:53:44","slug":"se-ingrijeste-iarba","status":"publish","type":"post","link":"https:\/\/scurtpe2.ro\/?p=12623","title":{"rendered":"SE \u00ceNGRIJE\u0218TE IARBA"},"content":{"rendered":"<p>S-a dat startul \u00eengrijirii spa\u021biilor verzi la Rm. S\u0103rat! Este vorba despre tunderea ierbii, care a crescut foarte mult dup\u0103 \u00eenc\u0103lzirea vremii. Primele zone vizate de angaja\u021bii Serviciului Spa\u021bii Verzi din cadrul Administra\u021biei Domeniului Public sunt\u00c2\u00a0 centrul ora\u0219ului, parcurile, bulevardul G\u0103rii \u0219i Pia\u021ba. Autorit\u0103\u021bile din Rm S\u0103rat anun\u021b\u0103 c\u0103, \u00een perioada urm\u0103toare, motocositoarele vor ac\u021biona \u00een toate cartierele municipiului. \u00cen aceast\u0103 ac\u021biune sunt angrena\u021bi, at\u00e2t angaja\u021bii ADP, c\u00e2t \u0219i beneficiarii de ajutor social.<\/p>\n<p>Angaja\u021bii ADP Rm S\u0103rat vor interveni pentru \u00eengrijirea spa\u021biilor verzi, ori de c\u00e2te ori este nevoie, mai ales atunci c\u00e2nd vegeta\u021bia va cre\u0219te foarte repede.<\/p>\n","protected":false},"excerpt":{"rendered":"<p>S-a dat startul \u00eengrijirii spa\u021biilor verzi la Rm. S\u0103rat! Este vorba despre tunderea ierbii, care a crescut foarte mult dup\u0103 \u00eenc\u0103lzirea vremii. Primele zone vizate de angaja\u021bii Serviciului Spa\u021bii Verzi din cadrul Administra\u021biei Domeniului Public sunt\u00c2\u00a0 centrul ora\u0219ului, parcurile, bulevardul G\u0103rii \u0219i Pia\u021ba. Autorit\u0103\u021bile din Rm S\u0103rat anun\u021b\u0103 c\u0103, \u00een perioada urm\u0103toare, motocositoarele vor ac\u021biona \u00een toate cartierele municipiului. \u00cen aceast\u0103 ac\u021biune sunt angrena\u021bi, at\u00e2t angaja\u021bii ADP, c\u00e2t \u0219i beneficiarii de ajutor social. Angaja\u021bii ADP Rm S\u0103rat vor interveni pentru \u00eengrijirea spa\u021biilor verzi, ori de c\u00e2te ori este nevoie, mai&hellip;<\/p>\n","protected":false},"author":4,"featured_media":11611,"comment_status":"closed","ping_status":"closed","sticky":false,"template":"","format":"standard","meta":{"footnotes":""},"categories":[173],"tags":[1329,778,3324],"class_list":["post-12623","post","type-post","status-publish","format-standard","has-post-thumbnail","hentry","category-administrativ","tag-parc","tag-ramniceni","tag-spatiu-verde"],"gutentor_comment":0,"_links":{"self":[{"href":"https:\/\/scurtpe2.ro\/index.php?rest_route=\/wp\/v2\/posts\/12623","targetHints":{"allow":["GET"]}}],"collection":[{"href":"https:\/\/scurtpe2.ro\/index.php?rest_route=\/wp\/v2\/posts"}],"about":[{"href":"https:\/\/scurtpe2.ro\/index.php?rest_route=\/wp\/v2\/types\/post"}],"author":[{"embeddable":true,"href":"https:\/\/scurtpe2.ro\/index.php?rest_route=\/wp\/v2\/users\/4"}],"replies":[{"embeddable":true,"href":"https:\/\/scurtpe2.ro\/index.php?rest_route=%2Fwp%2Fv2%2Fcomments&post=12623"}],"version-history":[{"count":0,"href":"https:\/\/scurtpe2.ro\/index.php?rest_route=\/wp\/v2\/posts\/12623\/revisions"}],"wp:featuredmedia":[{"embeddable":true,"href":"https:\/\/scurtpe2.ro\/index.php?rest_route=\/wp\/v2\/media\/11611"}],"wp:attachment":[{"href":"https:\/\/scurtpe2.ro\/index.php?rest_route=%2Fwp%2Fv2%2Fmedia&parent=12623"}],"wp:term":[{"taxonomy":"category","embeddable":true,"href":"https:\/\/scurtpe2.ro\/index.php?rest_route=%2Fwp%2Fv2%2Fcategories&post=12623"},{"taxonomy":"post_tag","embeddable":true,"href":"https:\/\/scurtpe2.ro\/index.php?rest_route=%2Fwp%2Fv2%2Ftags&post=12623"}],"curies":[{"name":"wp","href":"https:\/\/api.w.org\/{rel}","templated":true}]}}