{"id":12606,"date":"2021-05-21T17:31:48","date_gmt":"2021-05-21T14:31:48","guid":{"rendered":"http:\/\/www.scurtpe2.ro\/?p=12606"},"modified":"2021-05-31T11:35:41","modified_gmt":"2021-05-31T08:35:41","slug":"colectarea-separata-a-deseurilor-inca-deficitara-la-blocuri","status":"publish","type":"post","link":"https:\/\/scurtpe2.ro\/?p=12606","title":{"rendered":"COLECTAREA SEPARAT\u0102 A DE\u0218EURILOR, \u00ceNC\u0102 DEFICITAR\u0102 LA BLOCURI"},"content":{"rendered":"<p>De\u0219eurile aruncate la platforme de c\u0103tre cet\u0103\u021benii de la blocuri \u00eenc\u0103 nu sunt sortate corect \u0219i depozitate corespunz\u0103tor \u00een recipiente, \u00een ciuda tuturor campaniilor de informare \u0219i con\u0219tientizare f\u0103cute de c\u0103tre operatorul de salubrizare RER SUD Buz\u0103u. Colectarea separat\u0103 a de\u0219eurilor, \u00een zona de blocuri, a reprezentat o provocare pentru cet\u0103\u021benii din Buz\u0103u \u0219i Rm. S\u0103rat, \u00eenc\u0103 de la \u00eenceput, \u00eentruc\u00e2t spa\u021biul oferit de un apartament nu este at\u00e2t de generos, iar de\u0219eurile sunt depozitate \u00een spa\u021bii comune. Aceste argumente, \u00eens\u0103, nu pot reprezenta ni\u0219te piedici pentru cet\u0103\u021benii responsabili.<\/p>\n<p>Cauzele colect\u0103rii defectuoase a de\u0219eurilor sunt legate de faptul c\u0103 sacii galbeni nu sunt distribui\u021bi la timp sau periodic de c\u0103tre asocia\u021biie de proprietari, proprietarilor de apartamente dar \u0219i de faptul c\u0103 odat\u0103 intra\u021bi \u00een posesia sacilor, ceta\u021benii, fie pun \u00een ei \u0219i alte de\u0219euri dec\u00e2t reciclabile, fie le g\u0103sesc alte \u00eentrebuin\u021b\u0103ri.<\/p>\n<p>\u00cen cazul \u00een care comportamentul cet\u0103\u021benilor de la blocuri nu se va schimba \u00een mod voit, iar de\u0219eurile vor fi depozitate amestecat la platforme, RER SUD anun\u021b\u0103 c\u0103 va demara din nou ac\u021biuni de monitorizare a platformelor, \u00eempreun\u0103 cu Poli\u021bia Local\u0103. Ac\u021biunile vor avea drept scop con\u0219tientizarea cet\u0103\u021benilor cu privire la faptul c\u0103 trebuie s\u0103 colecteze separat, prin aplicarea m\u0103surilor coercitive.<\/p>\n<p>Cet\u0103\u021benii trebuie s\u0103 \u0219tie c\u0103 pentru a putea fi reciclate \u00een propor\u021bie c\u00e2t mai mare, este necesar ca de\u0219eurile s\u0103 fie curate, sp\u0103late, pliate sau turtite! \u00cen caz contrar, din cauza murd\u0103ririi, nu toate de\u0219eurile reciclabile de ambalajele nu pot fi valorificate!<\/p>\n","protected":false},"excerpt":{"rendered":"<p>De\u0219eurile aruncate la platforme de c\u0103tre cet\u0103\u021benii de la blocuri \u00eenc\u0103 nu sunt sortate corect \u0219i depozitate corespunz\u0103tor \u00een recipiente, \u00een ciuda tuturor campaniilor de informare \u0219i con\u0219tientizare f\u0103cute de c\u0103tre operatorul de salubrizare RER SUD Buz\u0103u. Colectarea separat\u0103 a de\u0219eurilor, \u00een zona de blocuri, a reprezentat o provocare pentru cet\u0103\u021benii din Buz\u0103u \u0219i Rm. S\u0103rat, \u00eenc\u0103 de la \u00eenceput, \u00eentruc\u00e2t spa\u021biul oferit de un apartament nu este at\u00e2t de generos, iar de\u0219eurile sunt depozitate \u00een spa\u021bii comune. Aceste argumente, \u00eens\u0103, nu pot reprezenta ni\u0219te piedici pentru cet\u0103\u021benii responsabili. Cauzele&hellip;<\/p>\n","protected":false},"author":4,"featured_media":9668,"comment_status":"closed","ping_status":"closed","sticky":false,"template":"","format":"standard","meta":{"footnotes":""},"categories":[173],"tags":[4512,1789,3090],"class_list":["post-12606","post","type-post","status-publish","format-standard","has-post-thumbnail","hentry","category-administrativ","tag-ambalaje","tag-blocuri","tag-rer-sud"],"gutentor_comment":0,"_links":{"self":[{"href":"https:\/\/scurtpe2.ro\/index.php?rest_route=\/wp\/v2\/posts\/12606","targetHints":{"allow":["GET"]}}],"collection":[{"href":"https:\/\/scurtpe2.ro\/index.php?rest_route=\/wp\/v2\/posts"}],"about":[{"href":"https:\/\/scurtpe2.ro\/index.php?rest_route=\/wp\/v2\/types\/post"}],"author":[{"embeddable":true,"href":"https:\/\/scurtpe2.ro\/index.php?rest_route=\/wp\/v2\/users\/4"}],"replies":[{"embeddable":true,"href":"https:\/\/scurtpe2.ro\/index.php?rest_route=%2Fwp%2Fv2%2Fcomments&post=12606"}],"version-history":[{"count":0,"href":"https:\/\/scurtpe2.ro\/index.php?rest_route=\/wp\/v2\/posts\/12606\/revisions"}],"wp:featuredmedia":[{"embeddable":true,"href":"https:\/\/scurtpe2.ro\/index.php?rest_route=\/wp\/v2\/media\/9668"}],"wp:attachment":[{"href":"https:\/\/scurtpe2.ro\/index.php?rest_route=%2Fwp%2Fv2%2Fmedia&parent=12606"}],"wp:term":[{"taxonomy":"category","embeddable":true,"href":"https:\/\/scurtpe2.ro\/index.php?rest_route=%2Fwp%2Fv2%2Fcategories&post=12606"},{"taxonomy":"post_tag","embeddable":true,"href":"https:\/\/scurtpe2.ro\/index.php?rest_route=%2Fwp%2Fv2%2Ftags&post=12606"}],"curies":[{"name":"wp","href":"https:\/\/api.w.org\/{rel}","templated":true}]}}