{"id":12595,"date":"2021-05-10T18:35:49","date_gmt":"2021-05-10T15:35:49","guid":{"rendered":"http:\/\/www.scurtpe2.ro\/?p=12595"},"modified":"2021-05-10T18:35:49","modified_gmt":"2021-05-10T15:35:49","slug":"primul-centru-de-vaccinare-drive-thru","status":"publish","type":"post","link":"https:\/\/scurtpe2.ro\/?p=12595","title":{"rendered":"PRIMUL CENTRU DE VACCINARE DRIVE-THRU"},"content":{"rendered":"<p>\u0218i Municipiul Buz\u0103u are un punct de vaccinare drive-thru, Centrul, primul din jude\u021b, func\u021bioneaz\u0103 \u00een parcarea unui hipermarket situat la ie\u0219irea din municipiul Buz\u0103u spre Ploie\u0219ti. Membrii unui club de motocicli\u0219ti au inaugurat punctul de vaccinare tip drive-thru, \u00eempreun\u0103 cu prefectul Silviu Iordache. Acesta din urm\u0103 \u0219i-a f\u0103cut apari\u021bia pe motociclet\u0103, echipat corespunz\u0103tor \u0219i de nerecunoscut.<\/p>\n<p>\u00cen prima ma\u0219in\u0103 sosit\u0103 dup\u0103 inaugurare s-au aflat dou\u0103 persoane \u00een v\u00e2rst\u0103, care au aflat de aceast\u0103 modalitate de vaccinare c\u00e2nd au mers s\u0103 se programeze \u00eentr-unul dintre centrele din Buz\u0103u.<\/p>\n<p>Al doilea autoturism a fost un taximetru \u00een care erau angaja\u021bi ai aceleia\u0219i firme de transport persoane, ba chiar \u0219i proprietarul firmei.<\/p>\n<p>Centrul drive-thru din Buz\u0103u are dou\u0103 fluxuri de vaccinare, iar serul folosit este cel de la Pfizer. Persoanele care nu s-au imunizat p\u00e2n\u0103 acum sunt a\u0219teptate la centrul din parcarea hipermarketului, doar cu buletinul. Vor completa un simplu chestionar \u0219i apoi li se va administra serul anti-COVID. Centrul va fi deschis zilnic, \u00eentre orele 10:00 \u0219i 20:00.<\/p>\n","protected":false},"excerpt":{"rendered":"<p>\u0218i Municipiul Buz\u0103u are un punct de vaccinare drive-thru, Centrul, primul din jude\u021b, func\u021bioneaz\u0103 \u00een parcarea unui hipermarket situat la ie\u0219irea din municipiul Buz\u0103u spre Ploie\u0219ti. Membrii unui club de motocicli\u0219ti au inaugurat punctul de vaccinare tip drive-thru, \u00eempreun\u0103 cu prefectul Silviu Iordache. Acesta din urm\u0103 \u0219i-a f\u0103cut apari\u021bia pe motociclet\u0103, echipat corespunz\u0103tor \u0219i de nerecunoscut. \u00cen prima ma\u0219in\u0103 sosit\u0103 dup\u0103 inaugurare s-au aflat dou\u0103 persoane \u00een v\u00e2rst\u0103, care au aflat de aceast\u0103 modalitate de vaccinare c\u00e2nd au mers s\u0103 se programeze \u00eentr-unul dintre centrele din Buz\u0103u. Al doilea autoturism&hellip;<\/p>\n","protected":false},"author":4,"featured_media":12597,"comment_status":"closed","ping_status":"closed","sticky":false,"template":"","format":"standard","meta":{"footnotes":""},"categories":[168],"tags":[203,397,4506,447,4509,3313],"class_list":["post-12595","post","type-post","status-publish","format-standard","has-post-thumbnail","hentry","category-informatia-de-buzau","tag-buzau","tag-covid","tag-drive-thru","tag-parcare","tag-taxi","tag-vaccinare"],"gutentor_comment":0,"_links":{"self":[{"href":"https:\/\/scurtpe2.ro\/index.php?rest_route=\/wp\/v2\/posts\/12595","targetHints":{"allow":["GET"]}}],"collection":[{"href":"https:\/\/scurtpe2.ro\/index.php?rest_route=\/wp\/v2\/posts"}],"about":[{"href":"https:\/\/scurtpe2.ro\/index.php?rest_route=\/wp\/v2\/types\/post"}],"author":[{"embeddable":true,"href":"https:\/\/scurtpe2.ro\/index.php?rest_route=\/wp\/v2\/users\/4"}],"replies":[{"embeddable":true,"href":"https:\/\/scurtpe2.ro\/index.php?rest_route=%2Fwp%2Fv2%2Fcomments&post=12595"}],"version-history":[{"count":0,"href":"https:\/\/scurtpe2.ro\/index.php?rest_route=\/wp\/v2\/posts\/12595\/revisions"}],"wp:featuredmedia":[{"embeddable":true,"href":"https:\/\/scurtpe2.ro\/index.php?rest_route=\/wp\/v2\/media\/12597"}],"wp:attachment":[{"href":"https:\/\/scurtpe2.ro\/index.php?rest_route=%2Fwp%2Fv2%2Fmedia&parent=12595"}],"wp:term":[{"taxonomy":"category","embeddable":true,"href":"https:\/\/scurtpe2.ro\/index.php?rest_route=%2Fwp%2Fv2%2Fcategories&post=12595"},{"taxonomy":"post_tag","embeddable":true,"href":"https:\/\/scurtpe2.ro\/index.php?rest_route=%2Fwp%2Fv2%2Ftags&post=12595"}],"curies":[{"name":"wp","href":"https:\/\/api.w.org\/{rel}","templated":true}]}}