{"id":12569,"date":"2021-05-07T18:00:02","date_gmt":"2021-05-07T15:00:02","guid":{"rendered":"http:\/\/www.scurtpe2.ro\/?p=12569"},"modified":"2021-05-07T17:40:15","modified_gmt":"2021-05-07T14:40:15","slug":"reabilitarea-pietei-dacia-in-faza-licitatiei","status":"publish","type":"post","link":"https:\/\/scurtpe2.ro\/?p=12569","title":{"rendered":"REABILITAREA PIE\u021aEI DACIA, \u00ceN FAZA LICITA\u021aIEI"},"content":{"rendered":"<p>Modernizarea Pie\u021bei Dacia, unul dintre marile proiecte finan\u021bate cu bani europeni, \u00een municipiul Buz\u0103u, va demara \u00een cur\u00e2nd. Zilele trecute, Prim\u0103ria Buz\u0103u a lansat \u00een Sistemul Electronic de Achizi\u021bii Publice proiectul de modernizare a platoului din centrul ora\u0219ului. Firmele interesate au la dispozi\u021bie dou\u0103 luni pentru a \u00eencerca s\u0103 adjudece lucrarea prev\u0103zut\u0103 cu un buget de 6 milioane de euro, din fonduri europene. \u00cencep\u00e2nd cu data de 3 iulie, speciali\u0219tii din Prim\u0103ria Buz\u0103u vor analiza ofertele \u0219i vor anun\u021ba firma c\u00e2\u0219tig\u0103toare. Dac\u0103 nu vor fi contesta\u021bii, de la toamn\u0103 sau, cel mai t\u00e2rziu, \u00eenceputul anului viitor, vor \u00eencepe lucr\u0103rile.<\/p>\n<p>Potrivit proiectului, centrul ora\u0219ului Buz\u0103u va fi transformat \u00eentr-o zon\u0103 urban\u0103 pietonal\u0103 multifunc\u021bional\u0103, iar platoul din fa\u021ba Prim\u0103riei va arata complet diferit. Pavajul va fi schimbat \u00een totalitate, iar \u00een locul gresiei va fi pus un granit mat ce va p\u0103stra motivele tradi\u021bionale rom\u00e2ne\u0219ti. Vor fi montate b\u0103nci cu arhitectur\u0103 modern\u0103, iar f\u00e2nt\u00e2nile arteziene vor fi adaptate noului stil. De asemenea, zona de spa\u021bii verzi va fi extins\u0103 \u0219i vor ap\u0103rea \u0219i spa\u021bii noi destinate turi\u0219tilor.<\/p>\n<p>Nu \u00een ultimul r\u00e2nd, de la intersec\u021bia de la &#8222;\u017eSfin\u021bii \u00cengeri&#8221;\u009d p\u00e2n\u0103 la magazinul Dacia, Aleea Trandafirilor va fi \u00eenchis\u0103 traficului rutier. Vot fi monta\u021bi st\u00e2lpi retractabili pentru ca accesul auto s\u0103 poat\u0103 fi permis \u00een cazuri speciale.<\/p>\n<p>Modernizarea Pie\u021bei Dacia nu este singura investi\u021bie cu bani europeni demarat\u0103 la Buz\u0103u. \u00cen perioada 2016 &#8222;\u201c 2020, municipalitatea a atras aproximativ 80 de milioane de euro, bani europeni. Edilul Constantin Toma estimeaz\u0103 \u00eens\u0103 investitii europene de aproape trei ori mai mari, p\u00e2n\u0103 \u00een 2024, adic\u0103 anul c\u00e2nd va fi dus la bun sf\u00e2r\u0219it cel de-al doilea s\u0103u mandat la conducerea administra\u021biei buzoiene.<\/p>\n<p>O alt\u0103 investi\u021bie de mare anvergur\u0103 cu fonduri europene a fost demarat\u0103 la Buz\u0103u chiar \u00een acest an. Este vorba despre modernizarea a trei mari artere ale ora\u0219ului: strada Transilvaniei, bulevardul Unirii \u0219i Aleea Industriilor.<\/p>\n","protected":false},"excerpt":{"rendered":"<p>Modernizarea Pie\u021bei Dacia, unul dintre marile proiecte finan\u021bate cu bani europeni, \u00een municipiul Buz\u0103u, va demara \u00een cur\u00e2nd. Zilele trecute, Prim\u0103ria Buz\u0103u a lansat \u00een Sistemul Electronic de Achizi\u021bii Publice proiectul de modernizare a platoului din centrul ora\u0219ului. Firmele interesate au la dispozi\u021bie dou\u0103 luni pentru a \u00eencerca s\u0103 adjudece lucrarea prev\u0103zut\u0103 cu un buget de 6 milioane de euro, din fonduri europene. \u00cencep\u00e2nd cu data de 3 iulie, speciali\u0219tii din Prim\u0103ria Buz\u0103u vor analiza ofertele \u0219i vor anun\u021ba firma c\u00e2\u0219tig\u0103toare. Dac\u0103 nu vor fi contesta\u021bii, de la toamn\u0103 sau,&hellip;<\/p>\n","protected":false},"author":4,"featured_media":7355,"comment_status":"closed","ping_status":"closed","sticky":false,"template":"","format":"standard","meta":{"footnotes":""},"categories":[173,168],"tags":[1600,964,1588],"class_list":["post-12569","post","type-post","status-publish","format-standard","has-post-thumbnail","hentry","category-administrativ","category-informatia-de-buzau","tag-fonduri-europene","tag-piata-dacia","tag-reabilitare"],"gutentor_comment":0,"_links":{"self":[{"href":"https:\/\/scurtpe2.ro\/index.php?rest_route=\/wp\/v2\/posts\/12569","targetHints":{"allow":["GET"]}}],"collection":[{"href":"https:\/\/scurtpe2.ro\/index.php?rest_route=\/wp\/v2\/posts"}],"about":[{"href":"https:\/\/scurtpe2.ro\/index.php?rest_route=\/wp\/v2\/types\/post"}],"author":[{"embeddable":true,"href":"https:\/\/scurtpe2.ro\/index.php?rest_route=\/wp\/v2\/users\/4"}],"replies":[{"embeddable":true,"href":"https:\/\/scurtpe2.ro\/index.php?rest_route=%2Fwp%2Fv2%2Fcomments&post=12569"}],"version-history":[{"count":0,"href":"https:\/\/scurtpe2.ro\/index.php?rest_route=\/wp\/v2\/posts\/12569\/revisions"}],"wp:featuredmedia":[{"embeddable":true,"href":"https:\/\/scurtpe2.ro\/index.php?rest_route=\/wp\/v2\/media\/7355"}],"wp:attachment":[{"href":"https:\/\/scurtpe2.ro\/index.php?rest_route=%2Fwp%2Fv2%2Fmedia&parent=12569"}],"wp:term":[{"taxonomy":"category","embeddable":true,"href":"https:\/\/scurtpe2.ro\/index.php?rest_route=%2Fwp%2Fv2%2Fcategories&post=12569"},{"taxonomy":"post_tag","embeddable":true,"href":"https:\/\/scurtpe2.ro\/index.php?rest_route=%2Fwp%2Fv2%2Ftags&post=12569"}],"curies":[{"name":"wp","href":"https:\/\/api.w.org\/{rel}","templated":true}]}}