{"id":12557,"date":"2021-05-07T18:00:57","date_gmt":"2021-05-07T15:00:57","guid":{"rendered":"http:\/\/www.scurtpe2.ro\/?p=12557"},"modified":"2021-05-07T17:32:33","modified_gmt":"2021-05-07T14:32:33","slug":"a-u-r-in-fata-unor-noi-alegeri","status":"publish","type":"post","link":"https:\/\/scurtpe2.ro\/?p=12557","title":{"rendered":"A.U.R., \u00ceN FA\u021aA UNOR NOI ALEGERI"},"content":{"rendered":"<p>Dup\u0103 succesul \u00eenregistrat la alegerile parlamentare din Rom\u00e2nia, Alian\u021ba pentru Unirea Rom\u00e2nilor \u00ee\u0219i pune mari speran\u021be \u00een rezultatul alegerilor generale anticipate din Republica Moldova, din 11 iulie, la care AUR particip\u0103 cu aceea\u0219i sigl\u0103 \u0219i aceea\u0219i denumire. De altfel AUR este primul partid din istoria celor dou\u0103 \u021b\u0103ri care are reprezentan\u021bi pe ambele maluri ale Prutului.\u00c2\u00a0\u00c2\u00a0 Deputatul AUR de Buz\u0103u, Nicolae Roman, a declarat ast\u0103zi \u00eentr-o conferin\u021b\u0103 de pres\u0103 c\u0103 este convins c\u0103, dup\u0103 alegerile din Chi\u0219in\u0103u, Alian\u021ba pentru Unirea Rom\u00e2nilor va avea parlamentari unioni\u0219ti \u00een ambele \u021b\u0103ri. \u0218i pre\u0219edintele organiza\u021biei AUR Buz\u0103u, Elena Negu\u021b, este optimist\u0103 \u00een succesul partidului s\u0103u la alegerile parlamentare din Republica Moldova.<\/p>\n<p><img loading=\"lazy\" decoding=\"async\" class=\"alignnone size-full wp-image-12566\" src=\"http:\/\/www.scurtpe2.ro\/wp-content\/uploads\/2021\/05\/elena-negut-aur.jpg\" alt=\"\" width=\"530\" height=\"292\" \/><\/p>\n<p>Tot ast\u0103zi, deputatul AUR Nicolae Roman a declarat c\u0103 nu este de acord cu ridicarea a 4 blocuri de locuin\u021be, dou\u0103 cu<strong>\u00c2\u00a0<\/strong>patru etaje\u00c2\u00a0(\u0219i demisol) \u0219i dou\u0103 blocuri cu\u00c2\u00a0trei etaje\u00c2\u00a0(\u0219i demisol), pe strada Crizantemelor din municipiul Buz\u0103u, \u00een locul fostului sediu al firmei de construc\u021bii Concifor. Nicolae Roman a solicitat Prim\u0103riei Buz\u0103u s\u0103 nu dea curs proiectului ini\u021biat de o societate de construc\u021bii.<\/p>\n<p>\u0218i pentru c\u0103 ast\u0103zi cre\u0219tinii au s\u0103rb\u0103torit Izvorul T\u0103m\u0103duirii, parlamentarul AUR a \u021binut s\u0103 ureze tuturor buzoienilor mult\u0103 s\u0103n\u0103tate \u0219i bun\u0103stare.<\/p>\n<p>Deputatul AUR a amintit ast\u0103zi \u0219i despre importan\u021ba zilei de 9 mai, care are o tripl\u0103 semnifica\u021bie simbolic\u0103 pentru Rom\u00e2nia: Ziua Independen\u021bei, c\u00e2nd Rom\u00e2nia a devenit stat independent, Ziua Victoriei, care marcheaz\u0103 victoria puterilor aliate \u00een fa\u021ba Germaniei naziste \u0219i Ziua Europei.<\/p>\n","protected":false},"excerpt":{"rendered":"<p>Dup\u0103 succesul \u00eenregistrat la alegerile parlamentare din Rom\u00e2nia, Alian\u021ba pentru Unirea Rom\u00e2nilor \u00ee\u0219i pune mari speran\u021be \u00een rezultatul alegerilor generale anticipate din Republica Moldova, din 11 iulie, la care AUR particip\u0103 cu aceea\u0219i sigl\u0103 \u0219i aceea\u0219i denumire. De altfel AUR este primul partid din istoria celor dou\u0103 \u021b\u0103ri care are reprezentan\u021bi pe ambele maluri ale Prutului.\u00c2\u00a0\u00c2\u00a0 Deputatul AUR de Buz\u0103u, Nicolae Roman, a declarat ast\u0103zi \u00eentr-o conferin\u021b\u0103 de pres\u0103 c\u0103 este convins c\u0103, dup\u0103 alegerile din Chi\u0219in\u0103u, Alian\u021ba pentru Unirea Rom\u00e2nilor va avea parlamentari unioni\u0219ti \u00een ambele \u021b\u0103ri. \u0218i pre\u0219edintele&hellip;<\/p>\n","protected":false},"author":4,"featured_media":11788,"comment_status":"closed","ping_status":"closed","sticky":false,"template":"","format":"standard","meta":{"footnotes":""},"categories":[143],"tags":[2234,4152,4490,4149,1972],"class_list":["post-12557","post","type-post","status-publish","format-standard","has-post-thumbnail","hentry","category-editoriale","tag-alegeri","tag-aur-buzau","tag-moldova","tag-nicolae-roman","tag-parlament"],"gutentor_comment":0,"_links":{"self":[{"href":"https:\/\/scurtpe2.ro\/index.php?rest_route=\/wp\/v2\/posts\/12557","targetHints":{"allow":["GET"]}}],"collection":[{"href":"https:\/\/scurtpe2.ro\/index.php?rest_route=\/wp\/v2\/posts"}],"about":[{"href":"https:\/\/scurtpe2.ro\/index.php?rest_route=\/wp\/v2\/types\/post"}],"author":[{"embeddable":true,"href":"https:\/\/scurtpe2.ro\/index.php?rest_route=\/wp\/v2\/users\/4"}],"replies":[{"embeddable":true,"href":"https:\/\/scurtpe2.ro\/index.php?rest_route=%2Fwp%2Fv2%2Fcomments&post=12557"}],"version-history":[{"count":0,"href":"https:\/\/scurtpe2.ro\/index.php?rest_route=\/wp\/v2\/posts\/12557\/revisions"}],"wp:featuredmedia":[{"embeddable":true,"href":"https:\/\/scurtpe2.ro\/index.php?rest_route=\/wp\/v2\/media\/11788"}],"wp:attachment":[{"href":"https:\/\/scurtpe2.ro\/index.php?rest_route=%2Fwp%2Fv2%2Fmedia&parent=12557"}],"wp:term":[{"taxonomy":"category","embeddable":true,"href":"https:\/\/scurtpe2.ro\/index.php?rest_route=%2Fwp%2Fv2%2Fcategories&post=12557"},{"taxonomy":"post_tag","embeddable":true,"href":"https:\/\/scurtpe2.ro\/index.php?rest_route=%2Fwp%2Fv2%2Ftags&post=12557"}],"curies":[{"name":"wp","href":"https:\/\/api.w.org\/{rel}","templated":true}]}}