{"id":12534,"date":"2021-05-07T10:14:10","date_gmt":"2021-05-07T07:14:10","guid":{"rendered":"http:\/\/www.scurtpe2.ro\/?p=12534"},"modified":"2021-05-07T10:14:10","modified_gmt":"2021-05-07T07:14:10","slug":"dispozitie-de-convocare-a-consiliului-local-in-sedinta-de-lucru-extraordinara-in-data-de-10-05-2021","status":"publish","type":"post","link":"https:\/\/scurtpe2.ro\/?p=12534","title":{"rendered":"DISPOZITIE de convocare a  Consiliului  Local  in \u0219edinta de lucru extraordinara in  data  de 10.05.2021"},"content":{"rendered":"<p>ROM\u00c3\u201aNIA<\/p>\n<p>JUDE\u00c5\u00a2UL BUZ\u00c4\u201aU<\/p>\n<p>MUNICIPIUL R\u00c3\u201aMNICU S\u00c4\u201aRAT<\/p>\n<p><strong>\u00c2\u00a0\u00c2\u00a0\u00c2\u00a0\u00c2\u00a0\u00c2\u00a0\u00c2\u00a0\u00c2\u00a0\u00c2\u00a0\u00c2\u00a0\u00c2\u00a0\u00c2\u00a0\u00c2\u00a0\u00c2\u00a0\u00c2\u00a0\u00c2\u00a0\u00c2\u00a0\u00c2\u00a0\u00c2\u00a0\u00c2\u00a0\u00c2\u00a0 PRIMAR<\/strong><\/p>\n<p><strong>\u00c2\u00a0<\/strong><strong>\u00c2\u00a0<\/strong><\/p>\n<p style=\"text-align: center;\"><strong>DISPOZITIE<\/strong><\/p>\n<p style=\"text-align: center;\"><strong>de convocare <\/strong><strong>a\u00c2\u00a0 Consiliului\u00c2\u00a0 Local <\/strong><\/p>\n<p style=\"text-align: center;\"><strong>in<\/strong> <strong>\u0219edinta de lucru extraordinara in\u00c2\u00a0 data\u00c2\u00a0 de 10.05.2021<\/strong><\/p>\n<p>&nbsp;<\/p>\n<p>Primarul Municipiului Rm. Sarat, judetul Buzau<\/p>\n<p>Avand in vedere prevederile art.133, alin.(2), lit.a) si art.134, alin.(3), lit.b) din O.U.G nr.57\/2019 privind Codul administrativ, cu modificarile si completarile ulterioare, coroborat cu Regulamentul de organizare si functionare al Consiliului Local al Municipiului Rm.Sarat, cu modificarile si completarile ulterioare;<\/p>\n<p>In temeiul art. 196, alin.(1), lit.b) din O.U.G nr.57\/2019 privind Codul administrativ, cu modificarile si completarile ulterioare;<\/p>\n<p>&nbsp;<\/p>\n<p><strong>\u00c2\u00a0<\/strong><strong>DISPUN:<\/strong><\/p>\n<p><strong>\u00c2\u00a0<\/strong><strong>Art.1.<\/strong> (1) Se convoaca Consiliul local al Municipiului Rm.Sarat in sedinta extraordinara in data de\u00c2\u00a0 <strong>10.05.2021, orele 15<sup>00<\/sup><\/strong> in Sala de sedinte a Primariei Municipiului Rm.Sarat, strada Nicolae Balcescu nr.1, judetul Buzau.<\/p>\n<p>(2) Desfasurarea sedintei extraordinare a Consiliului Local al Municipiului Rm.Sarat din data de 10.05.2021 se va realiza cu participarea fizica a consilierilor locali si cu respectarea masurilor de asigurare a distantarii fizice (inclusiv obligativitatea purtarii mastii de protectie).<\/p>\n<p><strong>Art.2. <\/strong>(1) Proiectul ordinii de zi a sedintei extraordinare din data de 10.05.2021 este prevazut in Anexa care face parte integranta din prezenta dispozitie.<\/p>\n<p>(2)\u00c2\u00a0 Proiectul ordinii de zi a sedintei extraordinare din data de 10.05.2021 se aduce la cunostinta publica prin afisare pe pagina de internet a unitatii administrativ -teritoriale <a href=\"http:\/\/www.primariermsarat.ro\">www.primariermsarat.ro<\/a>.<\/p>\n<p><strong>Art.3.<\/strong> Consilierii locali vor prelua materialele inscrise pe proiectul ordinii de zi, in format electronic (CD), pe semnatura acestora, semnatura inscrisa in convocatorul pus la dispozitie in acest sens sau le pot descarca de pe pagina de internet a unitatii administrativ -teritoriale <a href=\"http:\/\/www.primariermsarat.ro\">www.primariermsarat.ro<\/a>.<\/p>\n<p><strong>Art.4<\/strong>. Membrii Consiliului Local al Municipiului Rm.Sarat sunt invitati sa formuleze si sa depuna amendamente asupra proiectului de hotarare inscris pe proiectul ordinii de zi prevazut in anexa la prezenta dispozitie.<\/p>\n<p><strong>Art.5.<\/strong> Secretarul general al municipiului Rm.Sarat va comunica prezenta dispozi\u021bie autorit\u0103\u021bilor \u0219i persoanelor interesate in conformitate cu prevederile art.135, alin.(4), respectiv in conformitate cu prevederile art.243, alin.(1), lit.e) din O.U.G nr.57\/2019 privind Codul administrativ.<\/p>\n<p><strong>\u00c2\u00a0\u00c2\u00a0\u00c2\u00a0\u00c2\u00a0 <\/strong><\/p>\n<p><strong>\u00c2\u00a0\u00c2\u00a0\u00c2\u00a0\u00c2\u00a0\u00c2\u00a0\u00c2\u00a0\u00c2\u00a0\u00c2\u00a0\u00c2\u00a0 Primar,\u00c2\u00a0\u00c2\u00a0\u00c2\u00a0\u00c2\u00a0\u00c2\u00a0\u00c2\u00a0\u00c2\u00a0\u00c2\u00a0\u00c2\u00a0\u00c2\u00a0\u00c2\u00a0\u00c2\u00a0\u00c2\u00a0\u00c2\u00a0\u00c2\u00a0\u00c2\u00a0\u00c2\u00a0\u00c2\u00a0\u00c2\u00a0\u00c2\u00a0\u00c2\u00a0\u00c2\u00a0\u00c2\u00a0\u00c2\u00a0\u00c2\u00a0\u00c2\u00a0\u00c2\u00a0\u00c2\u00a0\u00c2\u00a0\u00c2\u00a0\u00c2\u00a0\u00c2\u00a0\u00c2\u00a0\u00c2\u00a0\u00c2\u00a0\u00c2\u00a0\u00c2\u00a0\u00c2\u00a0\u00c2\u00a0 Contrasemneaza pentru legalitate,<\/strong><\/p>\n<p><strong>\u00c2\u00a0\u00c2\u00a0\u00c2\u00a0\u00c2\u00a0 Cirjan Sorin-Valentin\u00c2\u00a0\u00c2\u00a0\u00c2\u00a0\u00c2\u00a0\u00c2\u00a0\u00c2\u00a0\u00c2\u00a0\u00c2\u00a0\u00c2\u00a0\u00c2\u00a0\u00c2\u00a0\u00c2\u00a0\u00c2\u00a0\u00c2\u00a0\u00c2\u00a0\u00c2\u00a0\u00c2\u00a0\u00c2\u00a0\u00c2\u00a0\u00c2\u00a0\u00c2\u00a0\u00c2\u00a0\u00c2\u00a0\u00c2\u00a0\u00c2\u00a0\u00c2\u00a0\u00c2\u00a0\u00c2\u00a0\u00c2\u00a0\u00c2\u00a0\u00c2\u00a0\u00c2\u00a0\u00c2\u00a0\u00c2\u00a0\u00c2\u00a0\u00c2\u00a0 \u00c2\u00a0Secretar general, <\/strong><\/p>\n<p><strong>\u00c2\u00a0\u00c2\u00a0\u00c2\u00a0\u00c2\u00a0\u00c2\u00a0\u00c2\u00a0\u00c2\u00a0\u00c2\u00a0\u00c2\u00a0\u00c2\u00a0\u00c2\u00a0\u00c2\u00a0\u00c2\u00a0\u00c2\u00a0\u00c2\u00a0\u00c2\u00a0\u00c2\u00a0\u00c2\u00a0\u00c2\u00a0\u00c2\u00a0\u00c2\u00a0\u00c2\u00a0\u00c2\u00a0\u00c2\u00a0\u00c2\u00a0\u00c2\u00a0\u00c2\u00a0\u00c2\u00a0\u00c2\u00a0\u00c2\u00a0\u00c2\u00a0\u00c2\u00a0\u00c2\u00a0\u00c2\u00a0\u00c2\u00a0\u00c2\u00a0\u00c2\u00a0\u00c2\u00a0\u00c2\u00a0\u00c2\u00a0\u00c2\u00a0\u00c2\u00a0\u00c2\u00a0\u00c2\u00a0\u00c2\u00a0\u00c2\u00a0\u00c2\u00a0\u00c2\u00a0\u00c2\u00a0\u00c2\u00a0\u00c2\u00a0\u00c2\u00a0\u00c2\u00a0\u00c2\u00a0\u00c2\u00a0\u00c2\u00a0\u00c2\u00a0\u00c2\u00a0\u00c2\u00a0\u00c2\u00a0 \u00c2\u00a0\u00c2\u00a0\u00c2\u00a0\u00c2\u00a0\u00c2\u00a0\u00c2\u00a0\u00c2\u00a0Vagyas-Davidoiu Manuela<\/strong><\/p>\n<p><strong>\u00c2\u00a0<\/strong><\/p>\n<p><strong>\u00c2\u00a0<\/strong><strong>Nr. <u>484<\/u><\/strong><\/p>\n<p><strong>Rm. Sarat <u>06.05.2021<\/u><\/strong><\/p>\n<p><strong>\u00c2\u00a0<\/strong><\/p>\n<p>Anexa la Dispozitia nr.________________<\/p>\n<p><strong>PROIECT AL ORDINII DE ZI<\/strong><\/p>\n<p>Cuprinzand materialele propuse spre analiza si aprobare Consiliului Local al Municipiului Rm.Sarat in sedinta extraordinara din 10.05.2021<\/p>\n<p>&nbsp;<\/p>\n<table width=\"659\">\n<tbody>\n<tr>\n<td width=\"44\"><strong>Nr.<\/strong><\/p>\n<p><strong>crt.<\/strong><\/td>\n<td width=\"247\"><strong>Continutul <\/strong><\/p>\n<p><strong>documentului<\/strong><\/td>\n<td width=\"132\"><strong>Comisia de specialitate a Consiliului Local care acorda avizul<\/strong><\/td>\n<td width=\"142\"><strong>Compartimentul<\/strong><\/p>\n<p><strong>de resort din cadrul aparatului de specialitate al primarului care intocmeste raportul de specialitate<\/strong><\/td>\n<td width=\"94\"><strong>Vot necesar<\/strong><\/td>\n<\/tr>\n<tr>\n<td width=\"44\">1.<\/td>\n<td width=\"247\">Proiect de hotarare privind aprobarea participarii si exercitarii votului prin reprezentare de catre domnul SBIRNEA IULIAN-Sef Birou Monitorizare si Indrumare a Unitatilor de Invatamant in cadrul aparatului de specialitate al primarului Municipiului Rm.Sarat, desemnat prin HCL nr.128\/28.05.2009 reprezentant al Consiliului Local al Municipiului Rm.Sarat in Adunarea Generala a Actionarilor a S.C COMPANIA DE APA S.A Buzau, in cadrul\u00c2\u00a0 Adunarii Generale Ordinare a Actionarilor (AGOA) a S.C COMPANIA DE APA S.A Buzau, din data 11.05.2021, ora 13<sup>00<\/sup> (sau 12.05.2021, ora 13<sup>00<\/sup> &#8222;\u201c daca e cazul), respectiv insusirea modelului procurii speciale afisate pe site-ul <a href=\"http:\/\/www.cabuzau.ro\">www.cabuzau.ro<\/a> la rubrica &#8222;\u017edespre noi\/interes public\/ buletin informati<strong>v&#8221;\u009d <\/strong><\/p>\n<p>&#8211; initiator -Cirjan Sorin-Valentin- Primar<\/td>\n<td width=\"132\">Comisia pentru activitati economico-financiare si agricultura<\/p>\n<p>&nbsp;<\/p>\n<p>Comisia juridica, de disciplina si validare<\/p>\n<p>&nbsp;<\/p>\n<p>Comisia pentru amenajarea teritoriului,<\/p>\n<p>urbanism, protectie mediu si turism<\/p>\n<p>&nbsp;<\/p>\n<p>Comisia pentru cultura, culte, invatamant, munca, sanatate\u00c2\u00a0 si protectia persoanelor aflate in nevoie<\/td>\n<td width=\"142\">Compartiment Guvernanta Corporativa a Intreprinderilor Publice<\/p>\n<p>&nbsp;<\/td>\n<td width=\"94\">Majoritate simpla<\/td>\n<\/tr>\n<tr>\n<td width=\"44\">2.<\/td>\n<td width=\"247\">Proiect de hotarare privind \u00eemputernicirea domnului SB\u00ceRNEA IULIAN, \u00c5\u017eef Birou Monitorizare \u0219i Indrumare a Unit\u0103\u021bilor de \u00cenv\u0103\u021b\u0103m\u00e2nt \u0219i \u00centreprinderilor Publice din cadrul aparatului de specialitate al primarului Municipiului R\u00e2mnicu S\u0103rat, desemnat prin H.C.L. nr. 128\/28.05.2009 reprezentant al Consiliului Local al Municipiului R\u00e2mnicu S\u0103rat \u00een Adunarea General\u0103 a Ac\u021bionarilor a S.C. COMPANIA DE AP\u00c4\u201a S.A\u00c2\u00a0 Buz\u0103u, s\u0103 participe \u0219i s\u0103 voteze \u00een cadrul Adun\u0103rii Generale Ordinare a Ac\u021bionarilor (AGOA) a S.C. COMPANIA DE APA S.A. Buz\u0103u, din data de 11.05.2021, ora 13<sup>00 <\/sup>(sau \u00een data de 12.05.2021, ora 13<sup>00<\/sup> &#8222;\u201c dac\u0103 e cazul), punctele nr. I.1), nr.I.2), nr.I.3), nr.I.4), nr.I.5), nr.I.6), nr.I.7) si nr.I.8) \u00eenscrise pe ordinea de zi transmisa prin Convocatorul nr.7398\/08.04.2021 inregistrat la sediul Primariei Municipiului Rm.Sarat sub nr.97998\/09.04.2021<\/p>\n<p>&#8211; initiator -Cirjan Sorin-Valentin- Primar<\/td>\n<td width=\"132\">Comisia pentru activitati economico-financiare si agricultura<\/p>\n<p>&nbsp;<\/p>\n<p>Comisia juridica, de disciplina si validare<\/p>\n<p>&nbsp;<\/p>\n<p>Comisia pentru amenajarea teritoriului,<\/p>\n<p>urbanism, protectie mediu si turism<\/p>\n<p>&nbsp;<\/p>\n<p>Comisia pentru cultura, culte, invatamant, munca, sanatate\u00c2\u00a0 si protectia persoanelor aflate in nevoie<\/td>\n<td width=\"142\">Compartiment Guvernanta Corporativa a Intreprinderilor Publice<\/p>\n<p>&nbsp;<\/td>\n<td width=\"94\">Majoritate simpla<\/td>\n<\/tr>\n<tr>\n<td width=\"44\">3.<\/td>\n<td width=\"247\">Proiect de hotarare privind aprobarea Studiului de oportunitate privind delegarea gestiunii serviciului de transport public local de calatori pe raza de competenta a Asociatiei de Dezvoltare Intercomunitara a Transportului Public din Ramnicu Sarat-ATRAS, pentru fundamentarea si stabilirea solutiilor optime de delegare a gestiunii Serviciului de transport public local de c\u0103l\u0103tori \u00een conformitate cu prevederile Regulamentului (CE) nr. 1370\/2007 (forma actualizata), a\u00c2\u00a0 modalitatii de gestiune a acestui serviciu public si a proiectului contractului de delegare a gestiunii Serviciului de transport public local de calatori<\/p>\n<p>&#8211; initiator -Cirjan Sorin-Valentin- Primar<\/td>\n<td width=\"132\">Comisia pentru activitati economico-financiare si agricultura<\/p>\n<p>&nbsp;<\/p>\n<p>Comisia juridica, de disciplina si validare<\/p>\n<p>&nbsp;<\/p>\n<p>Comisia pentru amenajarea teritoriului,<\/p>\n<p>urbanism, protectie mediu si turism<\/p>\n<p>&nbsp;<\/p>\n<p>Comisia pentru cultura, culte, invatamant, munca, sanatate\u00c2\u00a0 si protectia persoanelor aflate in nevoie<\/td>\n<td width=\"142\">Compartiment Guvernanta Corporativa a Intreprinderilor Publice\/<\/p>\n<p>Compartiment Contencios Administrativ si Juridic\/<\/p>\n<p>Compartiment Unitatea Municipala pentru Monitorizarea Serviciilor Comunitare de Unitati Publice<\/p>\n<p>&nbsp;<\/td>\n<td width=\"94\">Majoritate simpla<\/td>\n<\/tr>\n<tr>\n<td width=\"44\">4.<\/td>\n<td width=\"247\">Proiect de hotarare privind acceptarea finantarii si aprobarea asigurarii contributiei proprii, a semnarii contractului si a documentelor aferente proiectului &#8222;\u0153<em>Dezvoltare locala in cadrul Municipiului Rm.Sarat prin reducerea numarului de persoane aflate in risc de saracie si excluziune sociala<\/em>&#8222;\u009d proiect depus in cadrul Programului Operational Capital Uman 2014-2020 (POCU), Axa prioritara 5 &#8222;\u201c Dezvoltare local\u0103 plasat\u0103 sub responsabilitatea comunit\u0103\u021bii; Obiectivul tematic 9: Promovarea incluziunii sociale, combaterea s\u0103r\u0103ciei \u0219i a oric\u0103rei forme de discriminare; Prioritatea de investi\u021bii 9.vi: Strategii de dezvoltare local\u0103 plasate sub responsabilitatea comunit\u0103\u021bii; Obiectivul specific 5.1: Reducerea num\u0103rului de persoane aflate \u00een risc de s\u0103r\u0103cie \u0219i excluziune social\u0103 din comunit\u0103\u021bile marginalizate (roma \u0219i non-roma) din ora\u0219e\/municipii cu peste 20.000 locuitori, cu accent pe cele cu popula\u021bie apar\u021bin\u00e2nd minorit\u0103\u021bii roma, prin implementarea de m\u0103suri\/ opera\u021biuni integrate \u00een contextul mecanismului de DLRC-Cod SMIS 145855<\/p>\n<p>&#8211; initiator -Cirjan Sorin-Valentin- Primar<\/td>\n<td width=\"132\">Comisia pentru activitati economico-financiare si agricultura<\/p>\n<p>&nbsp;<\/p>\n<p>&nbsp;<\/p>\n<p>Comisia pentru cultura, culte, invatamant, munca, sanatate\u00c2\u00a0 si protectia persoanelor aflate in nevoie<\/p>\n<p>&nbsp;<\/td>\n<td width=\"142\">Directia economica\/<\/p>\n<p>Birou Informare si Relatii Publice\/<\/p>\n<p>Compartiment Programe cu Finantare Externa<\/td>\n<td width=\"94\">Majoritate simpla<\/td>\n<\/tr>\n<\/tbody>\n<\/table>\n<p><strong>\u00c2\u00a0\u00c2\u00a0\u00c2\u00a0\u00c2\u00a0\u00c2\u00a0\u00c2\u00a0\u00c2\u00a0\u00c2\u00a0 Primar,\u00c2\u00a0\u00c2\u00a0\u00c2\u00a0\u00c2\u00a0\u00c2\u00a0\u00c2\u00a0\u00c2\u00a0\u00c2\u00a0\u00c2\u00a0\u00c2\u00a0\u00c2\u00a0\u00c2\u00a0\u00c2\u00a0\u00c2\u00a0\u00c2\u00a0\u00c2\u00a0\u00c2\u00a0\u00c2\u00a0\u00c2\u00a0\u00c2\u00a0\u00c2\u00a0\u00c2\u00a0\u00c2\u00a0\u00c2\u00a0\u00c2\u00a0\u00c2\u00a0\u00c2\u00a0\u00c2\u00a0\u00c2\u00a0\u00c2\u00a0\u00c2\u00a0\u00c2\u00a0\u00c2\u00a0\u00c2\u00a0\u00c2\u00a0\u00c2\u00a0\u00c2\u00a0\u00c2\u00a0\u00c2\u00a0\u00c2\u00a0\u00c2\u00a0\u00c2\u00a0\u00c2\u00a0\u00c2\u00a0\u00c2\u00a0\u00c2\u00a0\u00c2\u00a0\u00c2\u00a0\u00c2\u00a0\u00c2\u00a0\u00c2\u00a0\u00c2\u00a0\u00c2\u00a0\u00c2\u00a0\u00c2\u00a0\u00c2\u00a0\u00c2\u00a0\u00c2\u00a0\u00c2\u00a0\u00c2\u00a0\u00c2\u00a0\u00c2\u00a0\u00c2\u00a0\u00c2\u00a0\u00c2\u00a0 \u00c2\u00a0\u00c2\u00a0\u00c2\u00a0\u00c2\u00a0 Secretar general,<\/strong><\/p>\n<p><strong>Cirjan Sorin Valentin\u00c2\u00a0\u00c2\u00a0\u00c2\u00a0\u00c2\u00a0\u00c2\u00a0\u00c2\u00a0\u00c2\u00a0\u00c2\u00a0\u00c2\u00a0\u00c2\u00a0\u00c2\u00a0\u00c2\u00a0\u00c2\u00a0\u00c2\u00a0\u00c2\u00a0\u00c2\u00a0\u00c2\u00a0\u00c2\u00a0\u00c2\u00a0\u00c2\u00a0\u00c2\u00a0\u00c2\u00a0\u00c2\u00a0\u00c2\u00a0\u00c2\u00a0\u00c2\u00a0\u00c2\u00a0\u00c2\u00a0\u00c2\u00a0\u00c2\u00a0\u00c2\u00a0\u00c2\u00a0\u00c2\u00a0\u00c2\u00a0\u00c2\u00a0\u00c2\u00a0\u00c2\u00a0\u00c2\u00a0\u00c2\u00a0\u00c2\u00a0\u00c2\u00a0\u00c2\u00a0\u00c2\u00a0\u00c2\u00a0 \u00c2\u00a0\u00c2\u00a0\u00c2\u00a0\u00c2\u00a0\u00c2\u00a0\u00c2\u00a0\u00c2\u00a0Vagyas-Davidoiu Manuela<\/strong><\/p>\n","protected":false},"excerpt":{"rendered":"<p>ROM\u00c3\u201aNIA JUDE\u00c5\u00a2UL BUZ\u00c4\u201aU MUNICIPIUL R\u00c3\u201aMNICU S\u00c4\u201aRAT \u00c2\u00a0\u00c2\u00a0\u00c2\u00a0\u00c2\u00a0\u00c2\u00a0\u00c2\u00a0\u00c2\u00a0\u00c2\u00a0\u00c2\u00a0\u00c2\u00a0\u00c2\u00a0\u00c2\u00a0\u00c2\u00a0\u00c2\u00a0\u00c2\u00a0\u00c2\u00a0\u00c2\u00a0\u00c2\u00a0\u00c2\u00a0\u00c2\u00a0 PRIMAR \u00c2\u00a0\u00c2\u00a0 DISPOZITIE de convocare a\u00c2\u00a0 Consiliului\u00c2\u00a0 Local in \u0219edinta de lucru extraordinara in\u00c2\u00a0 data\u00c2\u00a0 de 10.05.2021 &nbsp; Primarul Municipiului Rm. Sarat, judetul Buzau Avand in vedere prevederile art.133, alin.(2), lit.a) si art.134, alin.(3), lit.b) din O.U.G nr.57\/2019 privind Codul administrativ, cu modificarile si completarile ulterioare, coroborat cu Regulamentul de organizare si functionare al Consiliului Local al Municipiului Rm.Sarat, cu modificarile si completarile ulterioare; In temeiul art. 196, alin.(1), lit.b) din O.U.G nr.57\/2019 privind Codul administrativ, cu modificarile si completarile ulterioare; &nbsp; \u00c2\u00a0DISPUN:&hellip;<\/p>\n","protected":false},"author":2,"featured_media":12336,"comment_status":"closed","ping_status":"closed","sticky":false,"template":"","format":"standard","meta":{"footnotes":""},"categories":[156],"tags":[],"class_list":["post-12534","post","type-post","status-publish","format-standard","has-post-thumbnail","hentry","category-informare-primaria-rm-sarat"],"gutentor_comment":0,"_links":{"self":[{"href":"https:\/\/scurtpe2.ro\/index.php?rest_route=\/wp\/v2\/posts\/12534","targetHints":{"allow":["GET"]}}],"collection":[{"href":"https:\/\/scurtpe2.ro\/index.php?rest_route=\/wp\/v2\/posts"}],"about":[{"href":"https:\/\/scurtpe2.ro\/index.php?rest_route=\/wp\/v2\/types\/post"}],"author":[{"embeddable":true,"href":"https:\/\/scurtpe2.ro\/index.php?rest_route=\/wp\/v2\/users\/2"}],"replies":[{"embeddable":true,"href":"https:\/\/scurtpe2.ro\/index.php?rest_route=%2Fwp%2Fv2%2Fcomments&post=12534"}],"version-history":[{"count":0,"href":"https:\/\/scurtpe2.ro\/index.php?rest_route=\/wp\/v2\/posts\/12534\/revisions"}],"wp:featuredmedia":[{"embeddable":true,"href":"https:\/\/scurtpe2.ro\/index.php?rest_route=\/wp\/v2\/media\/12336"}],"wp:attachment":[{"href":"https:\/\/scurtpe2.ro\/index.php?rest_route=%2Fwp%2Fv2%2Fmedia&parent=12534"}],"wp:term":[{"taxonomy":"category","embeddable":true,"href":"https:\/\/scurtpe2.ro\/index.php?rest_route=%2Fwp%2Fv2%2Fcategories&post=12534"},{"taxonomy":"post_tag","embeddable":true,"href":"https:\/\/scurtpe2.ro\/index.php?rest_route=%2Fwp%2Fv2%2Ftags&post=12534"}],"curies":[{"name":"wp","href":"https:\/\/api.w.org\/{rel}","templated":true}]}}