{"id":12048,"date":"2021-03-31T18:10:47","date_gmt":"2021-03-31T15:10:47","guid":{"rendered":"http:\/\/www.scurtpe2.ro\/?p=12048"},"modified":"2021-03-31T18:10:47","modified_gmt":"2021-03-31T15:10:47","slug":"ramane-spital-covid","status":"publish","type":"post","link":"https:\/\/scurtpe2.ro\/?p=12048","title":{"rendered":"R\u0102M\u00c3\u201aNE SPITAL COVID"},"content":{"rendered":"<p>Spitalul Municipal Rm. S\u0103rat nu poate fi redeschis pentru\u00c2\u00a0 pacien\u021bii non-Covid. \u00cen pofida demersurilor f\u0103cute de autorit\u0103\u021bile locale \u0219i de conducerea spitalului, unitatea medicala va trata, \u00een continuare, doar cazuri de COVID-19.\u00c2\u00a0Decizia apar\u021bine Ministerului S\u0103n\u0103t\u0103\u021bii care a motivat actualul context epidemiologic, cu un num\u0103r foarte mare de \u00eemboln\u0103viri cu coronavirus. Autorit\u0103\u021bile din Rm. S\u0103rat nu sunt mul\u021bumite de r\u0103spunsul primit din partea Ministerul S\u0103n\u0103t\u0103\u021bii \u0219i spun c\u0103 vor fi mult mai insistente \u00een demersurile ce vizeaz\u0103 redeschiderea spitalului.<\/p>\n<p>Primarul din Rm S\u0103rat afirm\u0103 c\u0103, \u00een fiecare comunitate local\u0103, trebuie s\u0103 existe unit\u0103\u021bi medicale pentru tratarea, at\u00e2t a pacien\u021bilor COVID-19, c\u00e2t \u0219i a celorlal\u021bi bolnavi.<\/p>\n<p>\u0218i \u00een 2020, dar \u0219i anul acesta, conducerea Spitalului Municipal Rm. S\u0103rat \u00eempreun\u0103 cu Prim\u0103ria au f\u0103cut demersuri catre DSP Buz\u0103u si Minsiterul S\u0103n\u0103ta\u021bii, pentru ca unitatea s\u0103 poat\u0103 asigura servicii medicale tuturor pacien\u021bilor din zona Rm. S\u0103rat. Autorit\u0103\u021bile locale sunt nemul\u021bumite \u0219i de faptul c\u0103 dup\u0103 un an de c\u00e2nd unitatea a fost transformat\u0103 \u00een spital suport pentru tratarea bolnavilor cu coronavirus, la Rm. S\u0103rat nu au ajuns al\u021bi medici speciali\u0219ti. Redeschiderea spitalului \u0219i pentru pacien\u021bii non- Covid este dezideratul major, at\u00e2t al popula\u021biei, c\u00e2t \u0219i al \u00eentregului colectiv medical al spitalului. De la sf\u00e2r\u0219itul lunii martie a anului trecut, r\u00e2mnicenii \u0219i locuitorii comunelor limitrofe au fost nevoi\u021bi s\u0103 se adreseze cabinetelor private sau clinicilor din alte localit\u0103\u021bi.<\/p>\n","protected":false},"excerpt":{"rendered":"<p>Spitalul Municipal Rm. S\u0103rat nu poate fi redeschis pentru\u00c2\u00a0 pacien\u021bii non-Covid. \u00cen pofida demersurilor f\u0103cute de autorit\u0103\u021bile locale \u0219i de conducerea spitalului, unitatea medicala va trata, \u00een continuare, doar cazuri de COVID-19.\u00c2\u00a0Decizia apar\u021bine Ministerului S\u0103n\u0103t\u0103\u021bii care a motivat actualul context epidemiologic, cu un num\u0103r foarte mare de \u00eemboln\u0103viri cu coronavirus. Autorit\u0103\u021bile din Rm. S\u0103rat nu sunt mul\u021bumite de r\u0103spunsul primit din partea Ministerul S\u0103n\u0103t\u0103\u021bii \u0219i spun c\u0103 vor fi mult mai insistente \u00een demersurile ce vizeaz\u0103 redeschiderea spitalului. Primarul din Rm S\u0103rat afirm\u0103 c\u0103, \u00een fiecare comunitate local\u0103, trebuie s\u0103&hellip;<\/p>\n","protected":false},"author":4,"featured_media":7695,"comment_status":"closed","ping_status":"closed","sticky":false,"template":"","format":"standard","meta":{"footnotes":""},"categories":[173,165],"tags":[397,268,405],"class_list":["post-12048","post","type-post","status-publish","format-standard","has-post-thumbnail","hentry","category-administrativ","category-informatia-de-ramnic","tag-covid","tag-ministerul-sanatatii","tag-spital-rm-sarat"],"gutentor_comment":0,"_links":{"self":[{"href":"https:\/\/scurtpe2.ro\/index.php?rest_route=\/wp\/v2\/posts\/12048","targetHints":{"allow":["GET"]}}],"collection":[{"href":"https:\/\/scurtpe2.ro\/index.php?rest_route=\/wp\/v2\/posts"}],"about":[{"href":"https:\/\/scurtpe2.ro\/index.php?rest_route=\/wp\/v2\/types\/post"}],"author":[{"embeddable":true,"href":"https:\/\/scurtpe2.ro\/index.php?rest_route=\/wp\/v2\/users\/4"}],"replies":[{"embeddable":true,"href":"https:\/\/scurtpe2.ro\/index.php?rest_route=%2Fwp%2Fv2%2Fcomments&post=12048"}],"version-history":[{"count":0,"href":"https:\/\/scurtpe2.ro\/index.php?rest_route=\/wp\/v2\/posts\/12048\/revisions"}],"wp:featuredmedia":[{"embeddable":true,"href":"https:\/\/scurtpe2.ro\/index.php?rest_route=\/wp\/v2\/media\/7695"}],"wp:attachment":[{"href":"https:\/\/scurtpe2.ro\/index.php?rest_route=%2Fwp%2Fv2%2Fmedia&parent=12048"}],"wp:term":[{"taxonomy":"category","embeddable":true,"href":"https:\/\/scurtpe2.ro\/index.php?rest_route=%2Fwp%2Fv2%2Fcategories&post=12048"},{"taxonomy":"post_tag","embeddable":true,"href":"https:\/\/scurtpe2.ro\/index.php?rest_route=%2Fwp%2Fv2%2Ftags&post=12048"}],"curies":[{"name":"wp","href":"https:\/\/api.w.org\/{rel}","templated":true}]}}