{"id":11907,"date":"2021-03-23T18:55:37","date_gmt":"2021-03-23T15:55:37","guid":{"rendered":"http:\/\/www.scurtpe2.ro\/?p=11907"},"modified":"2021-03-23T18:55:37","modified_gmt":"2021-03-23T15:55:37","slug":"accident-infiorator-cu-trei-morti","status":"publish","type":"post","link":"https:\/\/scurtpe2.ro\/?p=11907","title":{"rendered":"ACCIDENT \u00ceNFIOR\u0102TOR, CU TREI MOR\u021aI"},"content":{"rendered":"<p>Accident cumplit produs, ast\u0103zi diminea\u021b\u0103, pe Drumul Jude\u021bean 102H, \u00eentre localit\u0103\u021bile Glodeanu Sili\u0219tea \u0219i C\u00e2rligu Mic. Trei persoane au murit, iar dou\u0103 au fost grav r\u0103nite, dup\u0103 ce ma\u0219ina \u00een care se aflau, un autoturism Dacia Logan, a fost sc\u0103pat de sub control. Dup\u0103 c\u00e2te se pare, \u0219oferul Loganului, un b\u0103rbat de 52 de ani, a pierdut controlul asupra direc\u021biei, a ajuns mai \u00eent\u00e2i \u00eentr-un mal de p\u0103m\u00e2nt, apoi a rico\u0219at pe cel\u0103lalt sens, unde crengile unui copac au retezat plafonul ma\u0219inii. \u00cen urma accidentului, to\u021bi cei trei pasageri din spate ai autoturismului au murit. De asemenea, \u0219oferul \u0219i un alt pasager au fost r\u0103ni\u021bi. Unul dintre r\u0103ni\u021bi a fost preluat de un elicopter SMURD pentru a fi internat la Spitalul &#8222;\u017eFloreasca&#8221;\u009d din Bucure\u0219ti.<\/p>\n<p>Cei cinci ocupan\u021bi ai Logan-ului lucrau la o firm\u0103 de construc\u021bii din zon\u0103 \u0219i se deplasau de diminea\u021b\u0103 cu ma\u0219ina de serviciu la un punct de lucru din C\u0103ld\u0103ru\u0219anca.<\/p>\n<p>\u0218oferul de 52 de ani a sc\u0103pat cu r\u0103ni minore. El a fost testat alcoolscopic de poli\u021bi\u0219ti, iar rezultatul a fost negativ. \u00cen cauz\u0103 se va \u00eentocmi dosar penal, iar poli\u021bi\u0219tii continu\u0103 cercet\u0103rile pentru stabilirea tuturor \u00eemprejur\u0103rilor \u00een care s-a produs evenimentul.<\/p>\n","protected":false},"excerpt":{"rendered":"<p>Accident cumplit produs, ast\u0103zi diminea\u021b\u0103, pe Drumul Jude\u021bean 102H, \u00eentre localit\u0103\u021bile Glodeanu Sili\u0219tea \u0219i C\u00e2rligu Mic. Trei persoane au murit, iar dou\u0103 au fost grav r\u0103nite, dup\u0103 ce ma\u0219ina \u00een care se aflau, un autoturism Dacia Logan, a fost sc\u0103pat de sub control. Dup\u0103 c\u00e2te se pare, \u0219oferul Loganului, un b\u0103rbat de 52 de ani, a pierdut controlul asupra direc\u021biei, a ajuns mai \u00eent\u00e2i \u00eentr-un mal de p\u0103m\u00e2nt, apoi a rico\u0219at pe cel\u0103lalt sens, unde crengile unui copac au retezat plafonul ma\u0219inii. \u00cen urma accidentului, to\u021bi cei trei pasageri din&hellip;<\/p>\n","protected":false},"author":4,"featured_media":10044,"comment_status":"closed","ping_status":"closed","sticky":false,"template":"","format":"standard","meta":{"footnotes":""},"categories":[143],"tags":[3180,4139,4007,4214,4217],"class_list":["post-11907","post","type-post","status-publish","format-standard","has-post-thumbnail","hentry","category-editoriale","tag-accident","tag-constructii","tag-logan","tag-morti","tag-raniti"],"gutentor_comment":0,"_links":{"self":[{"href":"https:\/\/scurtpe2.ro\/index.php?rest_route=\/wp\/v2\/posts\/11907","targetHints":{"allow":["GET"]}}],"collection":[{"href":"https:\/\/scurtpe2.ro\/index.php?rest_route=\/wp\/v2\/posts"}],"about":[{"href":"https:\/\/scurtpe2.ro\/index.php?rest_route=\/wp\/v2\/types\/post"}],"author":[{"embeddable":true,"href":"https:\/\/scurtpe2.ro\/index.php?rest_route=\/wp\/v2\/users\/4"}],"replies":[{"embeddable":true,"href":"https:\/\/scurtpe2.ro\/index.php?rest_route=%2Fwp%2Fv2%2Fcomments&post=11907"}],"version-history":[{"count":0,"href":"https:\/\/scurtpe2.ro\/index.php?rest_route=\/wp\/v2\/posts\/11907\/revisions"}],"wp:featuredmedia":[{"embeddable":true,"href":"https:\/\/scurtpe2.ro\/index.php?rest_route=\/wp\/v2\/media\/10044"}],"wp:attachment":[{"href":"https:\/\/scurtpe2.ro\/index.php?rest_route=%2Fwp%2Fv2%2Fmedia&parent=11907"}],"wp:term":[{"taxonomy":"category","embeddable":true,"href":"https:\/\/scurtpe2.ro\/index.php?rest_route=%2Fwp%2Fv2%2Fcategories&post=11907"},{"taxonomy":"post_tag","embeddable":true,"href":"https:\/\/scurtpe2.ro\/index.php?rest_route=%2Fwp%2Fv2%2Ftags&post=11907"}],"curies":[{"name":"wp","href":"https:\/\/api.w.org\/{rel}","templated":true}]}}