{"id":11888,"date":"2021-03-22T19:49:09","date_gmt":"2021-03-22T16:49:09","guid":{"rendered":"http:\/\/www.scurtpe2.ro\/?p=11888"},"modified":"2021-03-22T19:49:09","modified_gmt":"2021-03-22T16:49:09","slug":"asfaltari-reluate","status":"publish","type":"post","link":"https:\/\/scurtpe2.ro\/?p=11888","title":{"rendered":"ASFALT\u0102RI RELUATE"},"content":{"rendered":"<p>Calvarul a mii de locatari din dou\u0103 zone ale ora\u0219ului Buz\u0103u se apropie de final! Dup\u0103 dou\u0103 luni de pauz\u0103, timp \u00een care echipele de muncitori ale Urbis Serv au fost trimi\u0219i \u00een \u0219omaj tehnic, societatea Prim\u0103riei a reluat lucr\u0103rile de asfaltare pe Aleea Arinului \u0219i Aleea Castanilor, dou\u0103 str\u0103zi foarte circulate, dar neglijate p\u00e2n\u0103 acum de autorit\u0103\u021bi. Pe Aleea Arinului, arter\u0103 paralel\u0103 cu B-dul Unirii, se lucreaz\u0103 cu dou\u0103 echipe, iar lucr\u0103rile trebuie finalizate p\u00e2n\u0103 la jum\u0103tatea lunii viitoare.<\/p>\n<p>De s\u0103pt\u0103m\u00e2na trecut\u0103, tot cu dou\u0103 echipe ale societ\u0103\u021bii de servicii a Prim\u0103riei Buz\u0103u, au fost reluate lucr\u0103rile de asfaltare \u0219i pe Aleea Castanilor, arter\u0103 paralel\u0103 cu B-dul Nicolae B\u0103lcescu. Aici, lucr\u0103rile vor mai dura \u00eenc\u0103 aproximativ dou\u0103 luni. Pe ambele str\u0103zi, pe l\u00e2ng\u0103 asflatarea carosabilului, muncitorii de la Urbis Serv vor reamenaja parc\u0103rile \u0219i vor \u00eenlocui bordurile.<\/p>\n","protected":false},"excerpt":{"rendered":"<p>Calvarul a mii de locatari din dou\u0103 zone ale ora\u0219ului Buz\u0103u se apropie de final! Dup\u0103 dou\u0103 luni de pauz\u0103, timp \u00een care echipele de muncitori ale Urbis Serv au fost trimi\u0219i \u00een \u0219omaj tehnic, societatea Prim\u0103riei a reluat lucr\u0103rile de asfaltare pe Aleea Arinului \u0219i Aleea Castanilor, dou\u0103 str\u0103zi foarte circulate, dar neglijate p\u00e2n\u0103 acum de autorit\u0103\u021bi. Pe Aleea Arinului, arter\u0103 paralel\u0103 cu B-dul Unirii, se lucreaz\u0103 cu dou\u0103 echipe, iar lucr\u0103rile trebuie finalizate p\u00e2n\u0103 la jum\u0103tatea lunii viitoare. De s\u0103pt\u0103m\u00e2na trecut\u0103, tot cu dou\u0103 echipe ale societ\u0103\u021bii de&hellip;<\/p>\n","protected":false},"author":4,"featured_media":9779,"comment_status":"closed","ping_status":"closed","sticky":false,"template":"","format":"standard","meta":{"footnotes":""},"categories":[168],"tags":[286,203,447,530],"class_list":["post-11888","post","type-post","status-publish","format-standard","has-post-thumbnail","hentry","category-informatia-de-buzau","tag-asfaltare","tag-buzau","tag-parcare","tag-primaria-buzau"],"gutentor_comment":0,"_links":{"self":[{"href":"https:\/\/scurtpe2.ro\/index.php?rest_route=\/wp\/v2\/posts\/11888","targetHints":{"allow":["GET"]}}],"collection":[{"href":"https:\/\/scurtpe2.ro\/index.php?rest_route=\/wp\/v2\/posts"}],"about":[{"href":"https:\/\/scurtpe2.ro\/index.php?rest_route=\/wp\/v2\/types\/post"}],"author":[{"embeddable":true,"href":"https:\/\/scurtpe2.ro\/index.php?rest_route=\/wp\/v2\/users\/4"}],"replies":[{"embeddable":true,"href":"https:\/\/scurtpe2.ro\/index.php?rest_route=%2Fwp%2Fv2%2Fcomments&post=11888"}],"version-history":[{"count":0,"href":"https:\/\/scurtpe2.ro\/index.php?rest_route=\/wp\/v2\/posts\/11888\/revisions"}],"wp:featuredmedia":[{"embeddable":true,"href":"https:\/\/scurtpe2.ro\/index.php?rest_route=\/wp\/v2\/media\/9779"}],"wp:attachment":[{"href":"https:\/\/scurtpe2.ro\/index.php?rest_route=%2Fwp%2Fv2%2Fmedia&parent=11888"}],"wp:term":[{"taxonomy":"category","embeddable":true,"href":"https:\/\/scurtpe2.ro\/index.php?rest_route=%2Fwp%2Fv2%2Fcategories&post=11888"},{"taxonomy":"post_tag","embeddable":true,"href":"https:\/\/scurtpe2.ro\/index.php?rest_route=%2Fwp%2Fv2%2Ftags&post=11888"}],"curies":[{"name":"wp","href":"https:\/\/api.w.org\/{rel}","templated":true}]}}