{"id":11761,"date":"2021-03-10T18:45:42","date_gmt":"2021-03-10T15:45:42","guid":{"rendered":"http:\/\/www.scurtpe2.ro\/?p=11761"},"modified":"2021-03-15T18:49:47","modified_gmt":"2021-03-15T15:49:47","slug":"masini-si-carute-confiscate","status":"publish","type":"post","link":"https:\/\/scurtpe2.ro\/?p=11761","title":{"rendered":"\u00c2\u00a0MA\u0218INI \u0218I C\u0102RU\u021aE CONFISCATE"},"content":{"rendered":"<p>Proprietarii de ma\u0219ini sau c\u0103ru\u021be din Rm. S\u0103rat, care transport\u0103 \u0219i depoziteaz\u0103 ilegal gunoaie sau de\u0219euri provenite din construc\u021bii, pot r\u0103m\u00e2ne f\u0103r\u0103 mijloacele de transport. Prim\u0103ria Rm. S\u0103rat va confisca autovehiculele \u0219i atelajele care abandoneaz\u0103 ilegal gunoi pe domeniul public. Autorit\u0103\u021bile consider\u0103 c\u0103 prin aceste m\u0103suri se poate opri un fenomen care a ajuns pentru mul\u021bi s\u0103 devin\u0103 o normalitate: depozitarea resturilor din construc\u021bii sau demol\u0103ri la marginea ora\u0219ului sau pe albia r\u00e2ului R\u00e2mnic.<\/p>\n<p>Autorit\u0103\u021bile din Rm. S\u0103rat afirm\u0103 c\u0103, \u00een perioada urm\u0103toare, toate zonele municipiului vor fi salubrizate \u0219i atent monitorizate de institu\u021biile aflate \u00een subordinea Prim\u0103riei.<\/p>\n<p>M\u0103sura extrem\u0103 a confisc\u0103rii, permis\u0103 de legisla\u021bie, a \u00eenceput deja s\u0103 fie pus\u0103 \u00een aplicare \u0219i \u00een alte localit\u0103\u021bi ale \u021b\u0103rii.<\/p>\n","protected":false},"excerpt":{"rendered":"<p>Proprietarii de ma\u0219ini sau c\u0103ru\u021be din Rm. S\u0103rat, care transport\u0103 \u0219i depoziteaz\u0103 ilegal gunoaie sau de\u0219euri provenite din construc\u021bii, pot r\u0103m\u00e2ne f\u0103r\u0103 mijloacele de transport. Prim\u0103ria Rm. S\u0103rat va confisca autovehiculele \u0219i atelajele care abandoneaz\u0103 ilegal gunoi pe domeniul public. Autorit\u0103\u021bile consider\u0103 c\u0103 prin aceste m\u0103suri se poate opri un fenomen care a ajuns pentru mul\u021bi s\u0103 devin\u0103 o normalitate: depozitarea resturilor din construc\u021bii sau demol\u0103ri la marginea ora\u0219ului sau pe albia r\u00e2ului R\u00e2mnic. Autorit\u0103\u021bile din Rm. S\u0103rat afirm\u0103 c\u0103, \u00een perioada urm\u0103toare, toate zonele municipiului vor fi salubrizate \u0219i&hellip;<\/p>\n","protected":false},"author":4,"featured_media":11764,"comment_status":"closed","ping_status":"closed","sticky":false,"template":"","format":"standard","meta":{"footnotes":""},"categories":[173,165],"tags":[4142,1769,1891,771],"class_list":["post-11761","post","type-post","status-publish","format-standard","has-post-thumbnail","hentry","category-administrativ","category-informatia-de-ramnic","tag-carute","tag-deseuri","tag-masini","tag-primaria-rm-sarat"],"gutentor_comment":0,"_links":{"self":[{"href":"https:\/\/scurtpe2.ro\/index.php?rest_route=\/wp\/v2\/posts\/11761","targetHints":{"allow":["GET"]}}],"collection":[{"href":"https:\/\/scurtpe2.ro\/index.php?rest_route=\/wp\/v2\/posts"}],"about":[{"href":"https:\/\/scurtpe2.ro\/index.php?rest_route=\/wp\/v2\/types\/post"}],"author":[{"embeddable":true,"href":"https:\/\/scurtpe2.ro\/index.php?rest_route=\/wp\/v2\/users\/4"}],"replies":[{"embeddable":true,"href":"https:\/\/scurtpe2.ro\/index.php?rest_route=%2Fwp%2Fv2%2Fcomments&post=11761"}],"version-history":[{"count":0,"href":"https:\/\/scurtpe2.ro\/index.php?rest_route=\/wp\/v2\/posts\/11761\/revisions"}],"wp:featuredmedia":[{"embeddable":true,"href":"https:\/\/scurtpe2.ro\/index.php?rest_route=\/wp\/v2\/media\/11764"}],"wp:attachment":[{"href":"https:\/\/scurtpe2.ro\/index.php?rest_route=%2Fwp%2Fv2%2Fmedia&parent=11761"}],"wp:term":[{"taxonomy":"category","embeddable":true,"href":"https:\/\/scurtpe2.ro\/index.php?rest_route=%2Fwp%2Fv2%2Fcategories&post=11761"},{"taxonomy":"post_tag","embeddable":true,"href":"https:\/\/scurtpe2.ro\/index.php?rest_route=%2Fwp%2Fv2%2Ftags&post=11761"}],"curies":[{"name":"wp","href":"https:\/\/api.w.org\/{rel}","templated":true}]}}