{"id":11672,"date":"2021-03-05T18:00:02","date_gmt":"2021-03-05T15:00:02","guid":{"rendered":"http:\/\/www.scurtpe2.ro\/?p=11672"},"modified":"2021-03-05T18:00:02","modified_gmt":"2021-03-05T15:00:02","slug":"propuneri-pentru-parcari","status":"publish","type":"post","link":"https:\/\/scurtpe2.ro\/?p=11672","title":{"rendered":"PROPUNERI PENTRU PARC\u0102RI"},"content":{"rendered":"<p class=\"yiv9141502125ydp1380eaddmsonormal\" style=\"background: white;\"><span lang=\"EN-US\" style=\"font-size: 18.0pt; color: #1d2228;\">Noul regulament de organizare \u0219i func\u021bionare a parc\u0103rilor de reziden\u021b\u0103\u00c2\u00a0din municipiul Rm. S\u0103rat va fi supus, \u00een cur\u00e2nd, dezbaterii publice. Din acel moment, cet\u0103\u021benii pot face propuneri cu privire la viitorul parc\u0103rilor de domiciliu.\u00c2\u00a0Punctele de vedere exprimate de r\u00e2mniceni vor fi analizate \u0219i prezentate Consiliului Local Municipal. Primarul Sorin C\u00eerjan recunoa\u0219te \u00eens\u0103 c\u0103 noul regulament nu va reu\u0219i s\u0103 mul\u021bumeasc\u0103 pe toat\u0103 lumea.<\/span><\/p>\n<p class=\"yiv9141502125ydp1380eaddmsonormal\" style=\"background: white;\"><span lang=\"EN-US\" style=\"font-size: 18.0pt; color: #1d2228;\">Edilul afirm\u0103 c\u0103\u00c2\u00a0num\u0103rul autoturismelor cre\u0219te de la an la an, \u00een condi\u021biile \u00een care Rm. Sarat se confrunt\u0103 cu un deficit real al locurilor de parcare. Sorin C\u00eerjan consider\u0103 c\u0103 num\u0103rul autoturismelor din ora\u0219 ar trebui limitat.<\/span><\/p>\n<p class=\"yiv9141502125ydp1380eaddmsonormal\" style=\"background: white;\"><span lang=\"EN-US\" style=\"font-size: 18.0pt; color: #1d2228;\">Cele mai importante propuneri f\u0103cute de autorit\u0103\u021bile locale, prin noul regulament, vizeaz\u0103 atribuirea unui singur loc pe parcare pentru fiecare apartament \u00een parte \u0219i modificarea intervalului orar \u00een care r\u00e2mnicenii pot beneficia de un loc de parcare. Oamenii, fie \u00ee\u0219i pot ocupa locul de parcare pe o perioad\u0103 de 24 de ore, ca \u0219i p\u00e2n\u0103 acum, fie pot sta\u021biona dup\u0103 un program stabilit de c\u0103tre Consiliul Local. Cet\u0103\u021benii cred \u00eens\u0103 c\u0103 ultima variant\u0103 ar aduce mari\u00c2\u00a0\u00c2\u00a0nemultumiri \u0219i ar crea \u0219i mai mult haos \u00een ora\u0219. \u0218eful administra\u021biei din Rm. S\u0103rat este de p\u0103rere c\u0103 modul de repartizare al locurilor de parcare ar putea descuraja r\u00e2mnicenii s\u0103 mai circule cu autoturismele prin ora\u0219. <\/span><\/p>\n<p class=\"yiv9141502125ydp1380eaddmsonormal\" style=\"background: white;\"><span lang=\"EN-US\" style=\"font-size: 18.0pt; color: #1d2228;\">Cet\u0103\u021benii solicit\u0103 reprezentan\u021bilor Prim\u0103riei Rm S\u0103rat s\u0103 \u021bin\u0103 cont de toate propunerile f\u0103cute privind noul regulament, astfel \u00eenc\u00e2t deciziile luate s\u0103 nu creeze \u0219i mai mult haos \u00een parc\u0103rile de reziden\u021b\u0103.\u00c2\u00a0R\u00e2mnicenii au transmis d\u00c3\u00a9j\u00c3\u00a0 administra\u021biei locale mai multe propuneri \u0219i \u00een ceea ce prive\u0219te reglementarea problemelor rutiere \u0219i fluidizarea traficului. Unele dintre acestea vizeaz\u0103 instituirea sensurilor unice pe mai multe str\u0103zi \u00eenguste \u0219i aglomerate ale ora\u0219ului, dar \u0219i interzicerea parc\u0103rii autoturismelor pe trotuare, situa\u021bie des \u00eent\u00e2lnit\u0103 \u00een cartierele de case.<\/span><\/p>\n","protected":false},"excerpt":{"rendered":"<p>Noul regulament de organizare \u0219i func\u021bionare a parc\u0103rilor de reziden\u021b\u0103\u00c2\u00a0din municipiul Rm. S\u0103rat va fi supus, \u00een cur\u00e2nd, dezbaterii publice. Din acel moment, cet\u0103\u021benii pot face propuneri cu privire la viitorul parc\u0103rilor de domiciliu.\u00c2\u00a0Punctele de vedere exprimate de r\u00e2mniceni vor fi analizate \u0219i prezentate Consiliului Local Municipal. Primarul Sorin C\u00eerjan recunoa\u0219te \u00eens\u0103 c\u0103 noul regulament nu va reu\u0219i s\u0103 mul\u021bumeasc\u0103 pe toat\u0103 lumea. Edilul afirm\u0103 c\u0103\u00c2\u00a0num\u0103rul autoturismelor cre\u0219te de la an la an, \u00een condi\u021biile \u00een care Rm. Sarat se confrunt\u0103 cu un deficit real al locurilor de parcare. Sorin&hellip;<\/p>\n","protected":false},"author":4,"featured_media":8173,"comment_status":"closed","ping_status":"closed","sticky":false,"template":"","format":"standard","meta":{"footnotes":""},"categories":[173],"tags":[1275,1891,447,778],"class_list":["post-11672","post","type-post","status-publish","format-standard","has-post-thumbnail","hentry","category-administrativ","tag-consiliu-local","tag-masini","tag-parcare","tag-ramniceni"],"gutentor_comment":0,"_links":{"self":[{"href":"https:\/\/scurtpe2.ro\/index.php?rest_route=\/wp\/v2\/posts\/11672","targetHints":{"allow":["GET"]}}],"collection":[{"href":"https:\/\/scurtpe2.ro\/index.php?rest_route=\/wp\/v2\/posts"}],"about":[{"href":"https:\/\/scurtpe2.ro\/index.php?rest_route=\/wp\/v2\/types\/post"}],"author":[{"embeddable":true,"href":"https:\/\/scurtpe2.ro\/index.php?rest_route=\/wp\/v2\/users\/4"}],"replies":[{"embeddable":true,"href":"https:\/\/scurtpe2.ro\/index.php?rest_route=%2Fwp%2Fv2%2Fcomments&post=11672"}],"version-history":[{"count":0,"href":"https:\/\/scurtpe2.ro\/index.php?rest_route=\/wp\/v2\/posts\/11672\/revisions"}],"wp:featuredmedia":[{"embeddable":true,"href":"https:\/\/scurtpe2.ro\/index.php?rest_route=\/wp\/v2\/media\/8173"}],"wp:attachment":[{"href":"https:\/\/scurtpe2.ro\/index.php?rest_route=%2Fwp%2Fv2%2Fmedia&parent=11672"}],"wp:term":[{"taxonomy":"category","embeddable":true,"href":"https:\/\/scurtpe2.ro\/index.php?rest_route=%2Fwp%2Fv2%2Fcategories&post=11672"},{"taxonomy":"post_tag","embeddable":true,"href":"https:\/\/scurtpe2.ro\/index.php?rest_route=%2Fwp%2Fv2%2Ftags&post=11672"}],"curies":[{"name":"wp","href":"https:\/\/api.w.org\/{rel}","templated":true}]}}