{"id":11609,"date":"2021-02-25T17:19:08","date_gmt":"2021-02-25T14:19:08","guid":{"rendered":"http:\/\/www.scurtpe2.ro\/?p=11609"},"modified":"2021-02-26T14:21:10","modified_gmt":"2021-02-26T11:21:10","slug":"actiuni-de-ecologizare","status":"publish","type":"post","link":"https:\/\/scurtpe2.ro\/?p=11609","title":{"rendered":"AC\u021aIUNI DE ECOLOGIZARE"},"content":{"rendered":"<p>Mai multe ac\u021biuni de ecologizare au fost demarate la Rm. S\u0103rat \u00een cartiere ale ora\u0219ului. Administra\u021bia Domeniului Public inten\u021bioneaz\u0103 s\u0103 cure\u021be zonele de de\u0219euri depozitate ilegal, dar \u0219i s\u0103 identifice locuin\u021bele care s-au extins pe domeniul public. La ac\u021biunile ADP Rm. S\u0103rat particip\u0103 Poli\u021bia Local\u0103, precum \u0219i reprezentan\u021bi ai Serviciului de Urbanism din cadrul Prim\u0103riei Rm. S\u0103rat.<\/p>\n<p>Lucr\u0103rile de ecologizare au fost intensificate, zilele acestea, \u00een cartierul Alecu Bagdat.<\/p>\n<p>De asemenea, ADP Rm. S\u0103rat \u0219i Poli\u021bia Local\u0103 dore\u0219te s\u0103 monteze noi camere de supraveghere \u0219i s\u0103 acorde sanc\u021biuni celor care depoziteaz\u0103 necontrolat resturi menajere.\u00c2\u00a0Mai mult, \u00c2\u00a0autorit\u0103\u021bile vor confisca utilajele care transport\u0103 gunoiul \u0219i-l depoziteaz\u0103 la marginea ora\u0219ului.<\/p>\n<p>\u00cen contextual demar\u0103rii ac\u021biunilor de ecologizare, cet\u0103\u021benii sunt \u00eendemna\u021bi s\u0103 contribuie la men\u021binerea cur\u0103\u021beniei ora\u0219ului.<\/p>\n","protected":false},"excerpt":{"rendered":"<p>Mai multe ac\u021biuni de ecologizare au fost demarate la Rm. S\u0103rat \u00een cartiere ale ora\u0219ului. Administra\u021bia Domeniului Public inten\u021bioneaz\u0103 s\u0103 cure\u021be zonele de de\u0219euri depozitate ilegal, dar \u0219i s\u0103 identifice locuin\u021bele care s-au extins pe domeniul public. La ac\u021biunile ADP Rm. S\u0103rat particip\u0103 Poli\u021bia Local\u0103, precum \u0219i reprezentan\u021bi ai Serviciului de Urbanism din cadrul Prim\u0103riei Rm. S\u0103rat. Lucr\u0103rile de ecologizare au fost intensificate, zilele acestea, \u00een cartierul Alecu Bagdat. De asemenea, ADP Rm. S\u0103rat \u0219i Poli\u021bia Local\u0103 dore\u0219te s\u0103 monteze noi camere de supraveghere \u0219i s\u0103 acorde sanc\u021biuni celor care&hellip;<\/p>\n","protected":false},"author":4,"featured_media":11611,"comment_status":"closed","ping_status":"closed","sticky":false,"template":"","format":"standard","meta":{"footnotes":""},"categories":[173],"tags":[980,4038,4041],"class_list":["post-11609","post","type-post","status-publish","format-standard","has-post-thumbnail","hentry","category-administrativ","tag-adp-rm-sarat","tag-camere-supraveghere","tag-ecologizare"],"gutentor_comment":0,"_links":{"self":[{"href":"https:\/\/scurtpe2.ro\/index.php?rest_route=\/wp\/v2\/posts\/11609","targetHints":{"allow":["GET"]}}],"collection":[{"href":"https:\/\/scurtpe2.ro\/index.php?rest_route=\/wp\/v2\/posts"}],"about":[{"href":"https:\/\/scurtpe2.ro\/index.php?rest_route=\/wp\/v2\/types\/post"}],"author":[{"embeddable":true,"href":"https:\/\/scurtpe2.ro\/index.php?rest_route=\/wp\/v2\/users\/4"}],"replies":[{"embeddable":true,"href":"https:\/\/scurtpe2.ro\/index.php?rest_route=%2Fwp%2Fv2%2Fcomments&post=11609"}],"version-history":[{"count":0,"href":"https:\/\/scurtpe2.ro\/index.php?rest_route=\/wp\/v2\/posts\/11609\/revisions"}],"wp:featuredmedia":[{"embeddable":true,"href":"https:\/\/scurtpe2.ro\/index.php?rest_route=\/wp\/v2\/media\/11611"}],"wp:attachment":[{"href":"https:\/\/scurtpe2.ro\/index.php?rest_route=%2Fwp%2Fv2%2Fmedia&parent=11609"}],"wp:term":[{"taxonomy":"category","embeddable":true,"href":"https:\/\/scurtpe2.ro\/index.php?rest_route=%2Fwp%2Fv2%2Fcategories&post=11609"},{"taxonomy":"post_tag","embeddable":true,"href":"https:\/\/scurtpe2.ro\/index.php?rest_route=%2Fwp%2Fv2%2Ftags&post=11609"}],"curies":[{"name":"wp","href":"https:\/\/api.w.org\/{rel}","templated":true}]}}