{"id":11293,"date":"2021-02-02T18:36:17","date_gmt":"2021-02-02T15:36:17","guid":{"rendered":"http:\/\/www.scurtpe2.ro\/?p=11293"},"modified":"2021-02-02T18:39:31","modified_gmt":"2021-02-02T15:39:31","slug":"sfatuiti-sa-renunte-la-masini","status":"publish","type":"post","link":"https:\/\/scurtpe2.ro\/?p=11293","title":{"rendered":"SF\u0102TUI\u021aI S\u0102 RENUN\u021aE LA MA\u0218INI"},"content":{"rendered":"<p>Semnal de alarm\u0103 tras de primarul municipiului Buz\u0103u, Constantin Toma, \u00een privin\u021ba num\u0103rului tot mai mare de ma\u0219ini din ora\u0219, raportat la num\u0103rul locurilor de parcare. Edilul spune c\u0103 \u00een muncipiu sunt de trei ori mai multe autovehicule dec\u00e2t locuri de parcare, iar situa\u021bia a devenit critic\u0103 \u00een special \u00een zona adiacent\u0103 blocurilor.<\/p>\n<p>Dincolo de lipsa locurilor de parcare, o problem\u0103 mai important\u0103 este cea a polu\u0103rii mediului! \u00cen acest context, edilul \u00eei sf\u0103tuie\u0219te pe buzoieni s\u0103 utilizeze mai des mijloace de transport prietenoase cu mediul, cum ar fi bicicletele. Pentru a readuce \u00een actualitate acest obicei, peste c\u00e2teva luni, printr-un proiect cu bani europeni, buzoienii pot \u00eenchiria gratis o biciclet\u0103 pentru a se deplasa \u00een diferite locuri din ora\u0219.<\/p>\n<p>\u0218i transportul \u00een comun va fi adaptat, treptat, la cerin\u021bele europene privind reducerea polu\u0103rii. Zilele trecute, Prim\u0103ria a anun\u021bat achizi\u021bionarea a 13 autobuze electrice, nou\u0103 printr-un program cu bani europeni, iar alte patru, din surs\u0103 proprie. Constantin Toma anun\u021b\u0103 c\u0103 programul de achizi\u021bie a unor autobuze sut\u0103 la sut\u0103 Eco sau mai pu\u021bin poluante nu se opre\u0219te aici.<\/p>\n<p>Pentru a \u00eencuraja achizi\u021bionarea de autovehicle electrice, \u00een urm\u0103torii ani, Prim\u0103ria Buz\u0103u va amenaja c\u00e2teva zeci de sta\u021bii de \u00eenc\u0103care rapid\u0103. Primele asemenea instala\u021bii vor fi montate \u00een a doua jum\u0103tate a anului, \u00een parc\u0103rile din zona central\u0103 a municipiului.<\/p>\n","protected":false},"excerpt":{"rendered":"<p>Semnal de alarm\u0103 tras de primarul municipiului Buz\u0103u, Constantin Toma, \u00een privin\u021ba num\u0103rului tot mai mare de ma\u0219ini din ora\u0219, raportat la num\u0103rul locurilor de parcare. Edilul spune c\u0103 \u00een muncipiu sunt de trei ori mai multe autovehicule dec\u00e2t locuri de parcare, iar situa\u021bia a devenit critic\u0103 \u00een special \u00een zona adiacent\u0103 blocurilor. Dincolo de lipsa locurilor de parcare, o problem\u0103 mai important\u0103 este cea a polu\u0103rii mediului! \u00cen acest context, edilul \u00eei sf\u0103tuie\u0219te pe buzoieni s\u0103 utilizeze mai des mijloace de transport prietenoase cu mediul, cum ar fi bicicletele.&hellip;<\/p>\n","protected":false},"author":4,"featured_media":7435,"comment_status":"closed","ping_status":"closed","sticky":false,"template":"","format":"standard","meta":{"footnotes":""},"categories":[173,168],"tags":[318,1891,447],"class_list":["post-11293","post","type-post","status-publish","format-standard","has-post-thumbnail","hentry","category-administrativ","category-informatia-de-buzau","tag-constantin-toma","tag-masini","tag-parcare"],"gutentor_comment":0,"_links":{"self":[{"href":"https:\/\/scurtpe2.ro\/index.php?rest_route=\/wp\/v2\/posts\/11293","targetHints":{"allow":["GET"]}}],"collection":[{"href":"https:\/\/scurtpe2.ro\/index.php?rest_route=\/wp\/v2\/posts"}],"about":[{"href":"https:\/\/scurtpe2.ro\/index.php?rest_route=\/wp\/v2\/types\/post"}],"author":[{"embeddable":true,"href":"https:\/\/scurtpe2.ro\/index.php?rest_route=\/wp\/v2\/users\/4"}],"replies":[{"embeddable":true,"href":"https:\/\/scurtpe2.ro\/index.php?rest_route=%2Fwp%2Fv2%2Fcomments&post=11293"}],"version-history":[{"count":0,"href":"https:\/\/scurtpe2.ro\/index.php?rest_route=\/wp\/v2\/posts\/11293\/revisions"}],"wp:featuredmedia":[{"embeddable":true,"href":"https:\/\/scurtpe2.ro\/index.php?rest_route=\/wp\/v2\/media\/7435"}],"wp:attachment":[{"href":"https:\/\/scurtpe2.ro\/index.php?rest_route=%2Fwp%2Fv2%2Fmedia&parent=11293"}],"wp:term":[{"taxonomy":"category","embeddable":true,"href":"https:\/\/scurtpe2.ro\/index.php?rest_route=%2Fwp%2Fv2%2Fcategories&post=11293"},{"taxonomy":"post_tag","embeddable":true,"href":"https:\/\/scurtpe2.ro\/index.php?rest_route=%2Fwp%2Fv2%2Ftags&post=11293"}],"curies":[{"name":"wp","href":"https:\/\/api.w.org\/{rel}","templated":true}]}}