{"id":11272,"date":"2021-02-01T18:34:12","date_gmt":"2021-02-01T15:34:12","guid":{"rendered":"http:\/\/www.scurtpe2.ro\/?p=11272"},"modified":"2021-02-01T18:34:12","modified_gmt":"2021-02-01T15:34:12","slug":"obiective-turistice-repuse-in-valoare","status":"publish","type":"post","link":"https:\/\/scurtpe2.ro\/?p=11272","title":{"rendered":"OBIECTIVE TURISTICE, REPUSE \u00ceN VALOARE"},"content":{"rendered":"<p>Atragerea unui num\u0103r c\u00e2t mai mare de turi\u0219ti, \u00een 2021, \u00een jude\u021bul Buz\u0103u. Este ceea ce \u00ee\u0219i propune conducerea Consiliului Jude\u021bean la \u00eenceput de an, \u00een \u00eencercarea de a promova ofertele turistice ale Buz\u0103ului. \u00cen primul r\u00eend, autorit\u0103\u021bile doresc punerea \u00een valoare a Trovan\u021bilor de la Ulmet &#8211; Bozioru, sau &#8222;\u017epietrele vii&#8221;\u009d, a\u0219a cum le numesc localnicii, dar \u0219i a sta\u021biunii baleno-climaterice S\u0103rata Monteoru, pe timpul iernii, printr-o serie de noi investi\u021bii. \u00cen cazul ambelor obiective turistice, responsabilii Consiliului Jude\u021bean Buz\u0103u sper\u0103 s\u0103 accesese fonduri europene.<\/p>\n<p>Tab\u0103ra de sculptur\u0103 \u00een piatr\u0103 de la M\u0103gura este un alt punct de interes turistic care va primi finan\u021bare din partea Consiliului Jude\u021bean Buz\u0103u. Aici, \u00een perioada verii, prin intermediul Muzeului Jude\u021bean \u0219i Centrului de Cultur\u0103 \u0219i Art\u0103, vor fi organizate ateliere de lucru pentru elevi \u0219i studen\u021bi, spectacole \u0219i alte evenimente artistice. Tab\u0103ra de sculptur\u0103 \u00een aer liber, de la M\u0103gura, este unic\u0103 \u00een Europa \u0219i con\u021bine un num\u0103r de 256 de statui cioplite \u00een st\u00e2nc\u0103 alb\u0103, extras\u0103 din carierele de la Ciuta. Sculpturile au fost realizate de arti\u0219ti plastici rom\u00e2ni, \u00een perioada 1970 &#8222;\u201c 1985.<\/p>\n","protected":false},"excerpt":{"rendered":"<p>Atragerea unui num\u0103r c\u00e2t mai mare de turi\u0219ti, \u00een 2021, \u00een jude\u021bul Buz\u0103u. Este ceea ce \u00ee\u0219i propune conducerea Consiliului Jude\u021bean la \u00eenceput de an, \u00een \u00eencercarea de a promova ofertele turistice ale Buz\u0103ului. \u00cen primul r\u00eend, autorit\u0103\u021bile doresc punerea \u00een valoare a Trovan\u021bilor de la Ulmet &#8211; Bozioru, sau &#8222;\u017epietrele vii&#8221;\u009d, a\u0219a cum le numesc localnicii, dar \u0219i a sta\u021biunii baleno-climaterice S\u0103rata Monteoru, pe timpul iernii, printr-o serie de noi investi\u021bii. \u00cen cazul ambelor obiective turistice, responsabilii Consiliului Jude\u021bean Buz\u0103u sper\u0103 s\u0103 accesese fonduri europene. Tab\u0103ra de sculptur\u0103 \u00een&hellip;<\/p>\n","protected":false},"author":4,"featured_media":11273,"comment_status":"closed","ping_status":"closed","sticky":false,"template":"","format":"standard","meta":{"footnotes":""},"categories":[173],"tags":[3817,1600,3819,1737],"class_list":["post-11272","post","type-post","status-publish","format-standard","has-post-thumbnail","hentry","category-administrativ","tag-cj-buzau","tag-fonduri-europene","tag-magura","tag-turism"],"gutentor_comment":0,"_links":{"self":[{"href":"https:\/\/scurtpe2.ro\/index.php?rest_route=\/wp\/v2\/posts\/11272","targetHints":{"allow":["GET"]}}],"collection":[{"href":"https:\/\/scurtpe2.ro\/index.php?rest_route=\/wp\/v2\/posts"}],"about":[{"href":"https:\/\/scurtpe2.ro\/index.php?rest_route=\/wp\/v2\/types\/post"}],"author":[{"embeddable":true,"href":"https:\/\/scurtpe2.ro\/index.php?rest_route=\/wp\/v2\/users\/4"}],"replies":[{"embeddable":true,"href":"https:\/\/scurtpe2.ro\/index.php?rest_route=%2Fwp%2Fv2%2Fcomments&post=11272"}],"version-history":[{"count":0,"href":"https:\/\/scurtpe2.ro\/index.php?rest_route=\/wp\/v2\/posts\/11272\/revisions"}],"wp:featuredmedia":[{"embeddable":true,"href":"https:\/\/scurtpe2.ro\/index.php?rest_route=\/wp\/v2\/media\/11273"}],"wp:attachment":[{"href":"https:\/\/scurtpe2.ro\/index.php?rest_route=%2Fwp%2Fv2%2Fmedia&parent=11272"}],"wp:term":[{"taxonomy":"category","embeddable":true,"href":"https:\/\/scurtpe2.ro\/index.php?rest_route=%2Fwp%2Fv2%2Fcategories&post=11272"},{"taxonomy":"post_tag","embeddable":true,"href":"https:\/\/scurtpe2.ro\/index.php?rest_route=%2Fwp%2Fv2%2Ftags&post=11272"}],"curies":[{"name":"wp","href":"https:\/\/api.w.org\/{rel}","templated":true}]}}