{"id":10983,"date":"2021-01-12T18:39:00","date_gmt":"2021-01-12T15:39:00","guid":{"rendered":"http:\/\/www.scurtpe2.ro\/?p=10983"},"modified":"2021-01-12T18:39:00","modified_gmt":"2021-01-12T15:39:00","slug":"in-loc-sa-daruiasca-a-furat","status":"publish","type":"post","link":"https:\/\/scurtpe2.ro\/?p=10983","title":{"rendered":"\u00ceN LOC S\u0102 D\u0102RUIASC\u0102, A FURAT"},"content":{"rendered":"<p>De s\u0103rb\u0103tori, \u00een loc s\u0103 d\u0103ruiasc\u0103, a furat. Este cazul unui b\u0103rbat de 43 de ani, din Balta Alb\u0103, care a sustras mai multe obiecte de valoare dintr-o cas\u0103 despre care avea informa\u021bii c\u0103 nu este locuit\u0103 \u00een perioada s\u0103rb\u0103torilor de iarn\u0103. Poli\u021bi\u0219ti din Sec\u021bia de poli\u021bie rural\u0103 R\u00e2mnicelu \u0219i lupt\u0103tori din cadrul Serviciului pentru Ac\u021biuni Speciale au efectuat, ieri diminea\u021b\u0103, o perchezi\u021bie la locuin\u021ba b\u0103rbatului b\u0103nuit de furt.<\/p>\n<p>Proprietarul casei vizitate de ho\u021b a aproximat prejudiciul la 7.000 de lei.<\/p>\n<p>Suspectul de furt a fost re\u021binut pentru 24 de ore, urm\u00e2nd a fi prezentat parchetului, cu propunere de arestare preventiv\u0103.<\/p>\n","protected":false},"excerpt":{"rendered":"<p>De s\u0103rb\u0103tori, \u00een loc s\u0103 d\u0103ruiasc\u0103, a furat. Este cazul unui b\u0103rbat de 43 de ani, din Balta Alb\u0103, care a sustras mai multe obiecte de valoare dintr-o cas\u0103 despre care avea informa\u021bii c\u0103 nu este locuit\u0103 \u00een perioada s\u0103rb\u0103torilor de iarn\u0103. Poli\u021bi\u0219ti din Sec\u021bia de poli\u021bie rural\u0103 R\u00e2mnicelu \u0219i lupt\u0103tori din cadrul Serviciului pentru Ac\u021biuni Speciale au efectuat, ieri diminea\u021b\u0103, o perchezi\u021bie la locuin\u021ba b\u0103rbatului b\u0103nuit de furt. Proprietarul casei vizitate de ho\u021b a aproximat prejudiciul la 7.000 de lei. Suspectul de furt a fost re\u021binut pentru 24 de&hellip;<\/p>\n","protected":false},"author":4,"featured_media":10173,"comment_status":"closed","ping_status":"closed","sticky":false,"template":"","format":"standard","meta":{"footnotes":""},"categories":[143],"tags":[3598,3678,3675,3672,3681],"class_list":["post-10983","post","type-post","status-publish","format-standard","has-post-thumbnail","hentry","category-editoriale","tag-arestare-preventiva","tag-balta-alba","tag-furt","tag-hot","tag-prejudiciu"],"gutentor_comment":0,"_links":{"self":[{"href":"https:\/\/scurtpe2.ro\/index.php?rest_route=\/wp\/v2\/posts\/10983","targetHints":{"allow":["GET"]}}],"collection":[{"href":"https:\/\/scurtpe2.ro\/index.php?rest_route=\/wp\/v2\/posts"}],"about":[{"href":"https:\/\/scurtpe2.ro\/index.php?rest_route=\/wp\/v2\/types\/post"}],"author":[{"embeddable":true,"href":"https:\/\/scurtpe2.ro\/index.php?rest_route=\/wp\/v2\/users\/4"}],"replies":[{"embeddable":true,"href":"https:\/\/scurtpe2.ro\/index.php?rest_route=%2Fwp%2Fv2%2Fcomments&post=10983"}],"version-history":[{"count":0,"href":"https:\/\/scurtpe2.ro\/index.php?rest_route=\/wp\/v2\/posts\/10983\/revisions"}],"wp:featuredmedia":[{"embeddable":true,"href":"https:\/\/scurtpe2.ro\/index.php?rest_route=\/wp\/v2\/media\/10173"}],"wp:attachment":[{"href":"https:\/\/scurtpe2.ro\/index.php?rest_route=%2Fwp%2Fv2%2Fmedia&parent=10983"}],"wp:term":[{"taxonomy":"category","embeddable":true,"href":"https:\/\/scurtpe2.ro\/index.php?rest_route=%2Fwp%2Fv2%2Fcategories&post=10983"},{"taxonomy":"post_tag","embeddable":true,"href":"https:\/\/scurtpe2.ro\/index.php?rest_route=%2Fwp%2Fv2%2Ftags&post=10983"}],"curies":[{"name":"wp","href":"https:\/\/api.w.org\/{rel}","templated":true}]}}