{"id":10946,"date":"2021-01-11T21:00:14","date_gmt":"2021-01-11T18:00:14","guid":{"rendered":"http:\/\/www.scurtpe2.ro\/?p=10946"},"modified":"2021-01-11T21:00:14","modified_gmt":"2021-01-11T18:00:14","slug":"salarii-diminuate-pentru-politistii-locali","status":"publish","type":"post","link":"https:\/\/scurtpe2.ro\/?p=10946","title":{"rendered":"SALARII DIMINUATE PENTRU POLI\u021aI\u0218TII LOCALI"},"content":{"rendered":"<p>Prima lun\u0103 din 2021 le va aduce mai pu\u021bini bani poli\u021bi\u0219tilor locali din municipiul Buz\u0103u. \u00cenc\u0103 din decembrie, primarul Constantin Toma a anun\u021bat c\u0103, \u00een ianuarie, poli\u021bi\u0219tii vor munci mai pu\u021bin pe s\u0103pt\u0103m\u00e2n\u0103, \u00c2\u00a0dar vor \u00eencasa \u0219i mai pu\u021bini bani. Concret, salariile a 376 de poli\u021bi\u0219ti locali vor fi reduse cu un sfert, t\u0103ierile fiind aplicate \u00een urma reducerii programului de lucru.<\/p>\n<p>Edilul Constantin Toma spune c\u0103 m\u0103sura are ca scop reducerea rispiei din Prim\u0103ria Buz\u0103u.<\/p>\n<p>Constantin Toma se a\u0219teapt\u0103 ca decizia s\u0103 fie atacat\u0103 \u00een instan\u021b\u0103, \u00een condi\u021biile \u00een care, din 2017, poli\u021bi\u0219tii locali au dat de mai multe ori \u00een judecat\u0103 Prim\u0103ria Buz\u0103u, ca urmare a deciziilor luate de actualul edil.<\/p>\n<p>Primarul Buz\u0103ului, afirm\u0103 c\u0103, dac\u0103 se vor redeschide unit\u0103\u021bile de \u00eenv\u0103\u021b\u0103m\u00e2nt, dup\u0103 7 februarie, va face o analiz\u0103 serioas\u0103 \u0219i va decide dac\u0103 poli\u021bi\u0219tii locali vor putea reveni la programul de lucru ini\u021bial sau vor continua programul de lucru de patru ore pe zi.<\/p>\n","protected":false},"excerpt":{"rendered":"<p>Prima lun\u0103 din 2021 le va aduce mai pu\u021bini bani poli\u021bi\u0219tilor locali din municipiul Buz\u0103u. \u00cenc\u0103 din decembrie, primarul Constantin Toma a anun\u021bat c\u0103, \u00een ianuarie, poli\u021bi\u0219tii vor munci mai pu\u021bin pe s\u0103pt\u0103m\u00e2n\u0103, \u00c2\u00a0dar vor \u00eencasa \u0219i mai pu\u021bini bani. Concret, salariile a 376 de poli\u021bi\u0219ti locali vor fi reduse cu un sfert, t\u0103ierile fiind aplicate \u00een urma reducerii programului de lucru. Edilul Constantin Toma spune c\u0103 m\u0103sura are ca scop reducerea rispiei din Prim\u0103ria Buz\u0103u. Constantin Toma se a\u0219teapt\u0103 ca decizia s\u0103 fie atacat\u0103 \u00een instan\u021b\u0103, \u00een condi\u021biile \u00een&hellip;<\/p>\n","protected":false},"author":4,"featured_media":10949,"comment_status":"closed","ping_status":"closed","sticky":false,"template":"","format":"standard","meta":{"footnotes":""},"categories":[173],"tags":[318,720,1583,298],"class_list":["post-10946","post","type-post","status-publish","format-standard","has-post-thumbnail","hentry","category-administrativ","tag-constantin-toma","tag-politia-locala","tag-program","tag-salarii"],"gutentor_comment":0,"_links":{"self":[{"href":"https:\/\/scurtpe2.ro\/index.php?rest_route=\/wp\/v2\/posts\/10946","targetHints":{"allow":["GET"]}}],"collection":[{"href":"https:\/\/scurtpe2.ro\/index.php?rest_route=\/wp\/v2\/posts"}],"about":[{"href":"https:\/\/scurtpe2.ro\/index.php?rest_route=\/wp\/v2\/types\/post"}],"author":[{"embeddable":true,"href":"https:\/\/scurtpe2.ro\/index.php?rest_route=\/wp\/v2\/users\/4"}],"replies":[{"embeddable":true,"href":"https:\/\/scurtpe2.ro\/index.php?rest_route=%2Fwp%2Fv2%2Fcomments&post=10946"}],"version-history":[{"count":0,"href":"https:\/\/scurtpe2.ro\/index.php?rest_route=\/wp\/v2\/posts\/10946\/revisions"}],"wp:featuredmedia":[{"embeddable":true,"href":"https:\/\/scurtpe2.ro\/index.php?rest_route=\/wp\/v2\/media\/10949"}],"wp:attachment":[{"href":"https:\/\/scurtpe2.ro\/index.php?rest_route=%2Fwp%2Fv2%2Fmedia&parent=10946"}],"wp:term":[{"taxonomy":"category","embeddable":true,"href":"https:\/\/scurtpe2.ro\/index.php?rest_route=%2Fwp%2Fv2%2Fcategories&post=10946"},{"taxonomy":"post_tag","embeddable":true,"href":"https:\/\/scurtpe2.ro\/index.php?rest_route=%2Fwp%2Fv2%2Ftags&post=10946"}],"curies":[{"name":"wp","href":"https:\/\/api.w.org\/{rel}","templated":true}]}}