{"id":10942,"date":"2021-01-11T20:56:53","date_gmt":"2021-01-11T17:56:53","guid":{"rendered":"http:\/\/www.scurtpe2.ro\/?p=10942"},"modified":"2021-01-11T20:56:53","modified_gmt":"2021-01-11T17:56:53","slug":"ajutati-sa-se-integreze","status":"publish","type":"post","link":"https:\/\/scurtpe2.ro\/?p=10942","title":{"rendered":"AJUTA\u021aI S\u0102 SE INTEGREZE"},"content":{"rendered":"<p>Tinerii buzoieni care p\u0103r\u0103sesc sau urmeaz\u0103 s\u0103 p\u0103r\u0103seasc\u0103 sistemul institu\u021bionalizat de protec\u021bie a copilului vor fi sprijini\u021bi s\u0103 se integreze mai u\u0219or \u00een societate. Este vorba de un proiect de integrare social\u0103, cu fonduri europene, realizat de c\u0103tre speciali\u0219tii Direc\u021biei Generale de Asisten\u021b\u0103 Social\u0103 \u0219i Protec\u021bia Copilului Buz\u0103u. Contractul de finan\u021bare cu bani europeni, \u00een valoare total\u0103 de 2,91 milioane de lei a fost semnat ieri.<\/p>\n<p>Potrivit proiectului, tinerii din jude\u021b cu v\u00e2rsta peste 18 ani, care p\u0103r\u0103sesc sistemul de protec\u021bie social\u0103, vor fi ajuta\u021bi financiar s\u0103 \u00ee\u0219i continue studiile, s\u0103 g\u0103seasc\u0103 mai u\u0219or un loc de munc\u0103 sau s\u0103 aib\u0103 acces la servicii medicale.<\/p>\n<p>Totodat\u0103, 40 de tineri care au p\u0103r\u0103sit sau urmeaz\u0103 s\u0103 p\u0103r\u0103seasc\u0103 sistemul institu\u021bionalizat vor fi sprijini\u021bi prin servicii de tip &#8222;\u017eprima camer\u0103&#8221;\u009d. Mai exact, tinerii vor primi ajutor financiar pentru \u00eenchirierea unei locuin\u021be.<\/p>\n<p>Beneficiari ai proiectului vor fi 96 de tineri care au p\u0103r\u0103sit sau urmeaz\u0103 s\u0103 p\u0103r\u0103seasc\u0103 centrele de protec\u021bie social\u0103 din jude\u021bul Buz\u0103u. Perioada de derulare a proiectului este de 30 de luni, ianuarie 2021 &#8222;\u201c iunie 2023.<\/p>\n","protected":false},"excerpt":{"rendered":"<p>Tinerii buzoieni care p\u0103r\u0103sesc sau urmeaz\u0103 s\u0103 p\u0103r\u0103seasc\u0103 sistemul institu\u021bionalizat de protec\u021bie a copilului vor fi sprijini\u021bi s\u0103 se integreze mai u\u0219or \u00een societate. Este vorba de un proiect de integrare social\u0103, cu fonduri europene, realizat de c\u0103tre speciali\u0219tii Direc\u021biei Generale de Asisten\u021b\u0103 Social\u0103 \u0219i Protec\u021bia Copilului Buz\u0103u. Contractul de finan\u021bare cu bani europeni, \u00een valoare total\u0103 de 2,91 milioane de lei a fost semnat ieri. Potrivit proiectului, tinerii din jude\u021b cu v\u00e2rsta peste 18 ani, care p\u0103r\u0103sesc sistemul de protec\u021bie social\u0103, vor fi ajuta\u021bi financiar s\u0103 \u00ee\u0219i continue studiile,&hellip;<\/p>\n","protected":false},"author":4,"featured_media":9970,"comment_status":"closed","ping_status":"closed","sticky":false,"template":"","format":"standard","meta":{"footnotes":""},"categories":[173,168],"tags":[203,3647,3644],"class_list":["post-10942","post","type-post","status-publish","format-standard","has-post-thumbnail","hentry","category-administrativ","category-informatia-de-buzau","tag-buzau","tag-copii-institutionalizati","tag-integrare-sociala"],"gutentor_comment":0,"_links":{"self":[{"href":"https:\/\/scurtpe2.ro\/index.php?rest_route=\/wp\/v2\/posts\/10942","targetHints":{"allow":["GET"]}}],"collection":[{"href":"https:\/\/scurtpe2.ro\/index.php?rest_route=\/wp\/v2\/posts"}],"about":[{"href":"https:\/\/scurtpe2.ro\/index.php?rest_route=\/wp\/v2\/types\/post"}],"author":[{"embeddable":true,"href":"https:\/\/scurtpe2.ro\/index.php?rest_route=\/wp\/v2\/users\/4"}],"replies":[{"embeddable":true,"href":"https:\/\/scurtpe2.ro\/index.php?rest_route=%2Fwp%2Fv2%2Fcomments&post=10942"}],"version-history":[{"count":0,"href":"https:\/\/scurtpe2.ro\/index.php?rest_route=\/wp\/v2\/posts\/10942\/revisions"}],"wp:featuredmedia":[{"embeddable":true,"href":"https:\/\/scurtpe2.ro\/index.php?rest_route=\/wp\/v2\/media\/9970"}],"wp:attachment":[{"href":"https:\/\/scurtpe2.ro\/index.php?rest_route=%2Fwp%2Fv2%2Fmedia&parent=10942"}],"wp:term":[{"taxonomy":"category","embeddable":true,"href":"https:\/\/scurtpe2.ro\/index.php?rest_route=%2Fwp%2Fv2%2Fcategories&post=10942"},{"taxonomy":"post_tag","embeddable":true,"href":"https:\/\/scurtpe2.ro\/index.php?rest_route=%2Fwp%2Fv2%2Ftags&post=10942"}],"curies":[{"name":"wp","href":"https:\/\/api.w.org\/{rel}","templated":true}]}}