{"id":10935,"date":"2021-01-11T20:54:30","date_gmt":"2021-01-11T17:54:30","guid":{"rendered":"http:\/\/www.scurtpe2.ro\/?p=10935"},"modified":"2021-01-11T20:54:30","modified_gmt":"2021-01-11T17:54:30","slug":"an-afectat-de-pandemie","status":"publish","type":"post","link":"https:\/\/scurtpe2.ro\/?p=10935","title":{"rendered":"AN AFECTAT DE PANDEMIE"},"content":{"rendered":"<p>\u00cen 2020, pandemia de COVID-19 a afectat grav \u0219i institu\u021biile de cultur\u0103. Din luna aprilie, activitatea Centrului Cultural ,,Florica Cristoforeanu,, din Rm. S\u0103rat s-a mutat \u00een mediul online. P\u00e2n\u0103 atunci, Centrul Cultural a reu\u0219it s\u0103 marcheze Ziua Culturii Na\u021bionale, s\u0103 o comemoreze pe artista liric\u0103 Florica Cristoforeanu \u0219i s\u0103 g\u0103zduiasc\u0103 Concursul de muzic\u0103 clasic\u0103 ,,Drumul spre celebritate,,. Ulterior, institu\u021bia de cultur\u0103 din Rm S\u0103rat a organizat mai multe lans\u0103ri de carte. De asemenea, \u00een curtea Casei Mo\u0219escu, reprezentan\u021bii Centrului Cultural \u0219i\u00c2\u00a0ini\u021biatorii proiectului cultural\u00c2\u00a0\u00c2\u00a0,,Personalitati ramnicene,,\u00c2\u00a0l-au omagiat pe poetul Stelian Cucu \u0219i pe artistul Vali Sterian, c\u0103ruia i s-a acordat, post-mortem,\u00c2\u00a0titlul de\u00c2\u00a0,,Cet\u0103\u021bean de Onoare&#8221;\u009d al municipiului R\u00e2mnicu S\u0103rat.<\/p>\n<p>Din toamna anului 2020, Centrul Cultural ,,Florica Cristoforeanu,, a \u00eenceput s\u0103-si reia u\u0219or activitatea clasic\u0103. Institu\u021bia a organizat seri de cinematograf \u00een aer liber \u0219i a deschis oficial cinematograful din cadrul Centrului.<\/p>\n<p>Centrul Cultural ,,Florica Cristoforeanu,, a \u00eencheiat anul 2020 cu concerte de colinde difuzate \u00een mediul online.<\/p>\n","protected":false},"excerpt":{"rendered":"<p>\u00cen 2020, pandemia de COVID-19 a afectat grav \u0219i institu\u021biile de cultur\u0103. Din luna aprilie, activitatea Centrului Cultural ,,Florica Cristoforeanu,, din Rm. S\u0103rat s-a mutat \u00een mediul online. P\u00e2n\u0103 atunci, Centrul Cultural a reu\u0219it s\u0103 marcheze Ziua Culturii Na\u021bionale, s\u0103 o comemoreze pe artista liric\u0103 Florica Cristoforeanu \u0219i s\u0103 g\u0103zduiasc\u0103 Concursul de muzic\u0103 clasic\u0103 ,,Drumul spre celebritate,,. Ulterior, institu\u021bia de cultur\u0103 din Rm S\u0103rat a organizat mai multe lans\u0103ri de carte. De asemenea, \u00een curtea Casei Mo\u0219escu, reprezentan\u021bii Centrului Cultural \u0219i\u00c2\u00a0ini\u021biatorii proiectului cultural\u00c2\u00a0\u00c2\u00a0,,Personalitati ramnicene,,\u00c2\u00a0l-au omagiat pe poetul Stelian Cucu \u0219i&hellip;<\/p>\n","protected":false},"author":4,"featured_media":10936,"comment_status":"closed","ping_status":"closed","sticky":false,"template":"","format":"standard","meta":{"footnotes":""},"categories":[173,165],"tags":[1457,275,247],"class_list":["post-10935","post","type-post","status-publish","format-standard","has-post-thumbnail","hentry","category-administrativ","category-informatia-de-ramnic","tag-cultura","tag-pandemie","tag-rm-sarat"],"gutentor_comment":0,"_links":{"self":[{"href":"https:\/\/scurtpe2.ro\/index.php?rest_route=\/wp\/v2\/posts\/10935","targetHints":{"allow":["GET"]}}],"collection":[{"href":"https:\/\/scurtpe2.ro\/index.php?rest_route=\/wp\/v2\/posts"}],"about":[{"href":"https:\/\/scurtpe2.ro\/index.php?rest_route=\/wp\/v2\/types\/post"}],"author":[{"embeddable":true,"href":"https:\/\/scurtpe2.ro\/index.php?rest_route=\/wp\/v2\/users\/4"}],"replies":[{"embeddable":true,"href":"https:\/\/scurtpe2.ro\/index.php?rest_route=%2Fwp%2Fv2%2Fcomments&post=10935"}],"version-history":[{"count":0,"href":"https:\/\/scurtpe2.ro\/index.php?rest_route=\/wp\/v2\/posts\/10935\/revisions"}],"wp:featuredmedia":[{"embeddable":true,"href":"https:\/\/scurtpe2.ro\/index.php?rest_route=\/wp\/v2\/media\/10936"}],"wp:attachment":[{"href":"https:\/\/scurtpe2.ro\/index.php?rest_route=%2Fwp%2Fv2%2Fmedia&parent=10935"}],"wp:term":[{"taxonomy":"category","embeddable":true,"href":"https:\/\/scurtpe2.ro\/index.php?rest_route=%2Fwp%2Fv2%2Fcategories&post=10935"},{"taxonomy":"post_tag","embeddable":true,"href":"https:\/\/scurtpe2.ro\/index.php?rest_route=%2Fwp%2Fv2%2Ftags&post=10935"}],"curies":[{"name":"wp","href":"https:\/\/api.w.org\/{rel}","templated":true}]}}