{"id":10932,"date":"2021-01-11T20:50:48","date_gmt":"2021-01-11T17:50:48","guid":{"rendered":"http:\/\/www.scurtpe2.ro\/?p=10932"},"modified":"2021-01-11T20:50:48","modified_gmt":"2021-01-11T17:50:48","slug":"gloria-abandonata-de-primarie","status":"publish","type":"post","link":"https:\/\/scurtpe2.ro\/?p=10932","title":{"rendered":"GLORIA, ABANDONAT\u0102 DE PRIM\u0102RIE"},"content":{"rendered":"<p>Ve\u0219ti proaste pentru iubitorii fotbalului din Buz\u0103u, la \u00eenceput de an. Gloria Buz\u0103u ar putea fi restructurat\u0103 complet \u0219i ar urma s\u0103 primeasc\u0103 de la Prim\u0103rie mult mai pu\u021bini bani. Decizia apar\u021bine Prim\u0103riei Buz\u0103u, \u00een condi\u021biile \u00een care niciun investitor nu s-a \u00eenghesuit s\u0103 preia echipa de fotbal, iar federalii nu permit promovarea \u00een Liga \u00cent\u00e2i a cluburilor finan\u021bate de prim\u0103rii. Edilul municipiului Buz\u0103u, Constantin Toma, las\u0103 s\u0103 se \u00een\u021beleag\u0103 c\u0103 lucrurile la Gloria Buz\u0103u vor func\u021biona dup\u0103 o cu totul alt\u0103 paradigm\u0103, f\u0103r\u0103 salarii de mii de euro \u0219i cu juc\u0103tori autohtoni. \u00cen acest context clubul SCM Gloria ar evolua pe trei axe principale: tenis de mas\u0103, atletism \u0219i handbal, ramurile sportive care au adus cele mai bune rezultate la Buz\u0103u, iar fotbalul va r\u0103m\u00e2ne \u00een plan secund. Primarul Buz\u0103ului precizeaz\u0103 c\u0103 m\u0103surile de austeritate impuse la echipa de fotbal \u00c2\u00a0sunt generate \u0219i de situa\u021bia generat\u0103 de pandemie.<\/p>\n","protected":false},"excerpt":{"rendered":"<p>Ve\u0219ti proaste pentru iubitorii fotbalului din Buz\u0103u, la \u00eenceput de an. Gloria Buz\u0103u ar putea fi restructurat\u0103 complet \u0219i ar urma s\u0103 primeasc\u0103 de la Prim\u0103rie mult mai pu\u021bini bani. Decizia apar\u021bine Prim\u0103riei Buz\u0103u, \u00een condi\u021biile \u00een care niciun investitor nu s-a \u00eenghesuit s\u0103 preia echipa de fotbal, iar federalii nu permit promovarea \u00een Liga \u00cent\u00e2i a cluburilor finan\u021bate de prim\u0103rii. Edilul municipiului Buz\u0103u, Constantin Toma, las\u0103 s\u0103 se \u00een\u021beleag\u0103 c\u0103 lucrurile la Gloria Buz\u0103u vor func\u021biona dup\u0103 o cu totul alt\u0103 paradigm\u0103, f\u0103r\u0103 salarii de mii de euro \u0219i&hellip;<\/p>\n","protected":false},"author":4,"featured_media":8580,"comment_status":"closed","ping_status":"closed","sticky":false,"template":"","format":"standard","meta":{"footnotes":""},"categories":[168,160],"tags":[2425,931,3638,3641,298],"class_list":["post-10932","post","type-post","status-publish","format-standard","has-post-thumbnail","hentry","category-informatia-de-buzau","category-sport","tag-fotbal","tag-gloria-buzau","tag-investitori","tag-primaria","tag-salarii"],"gutentor_comment":0,"_links":{"self":[{"href":"https:\/\/scurtpe2.ro\/index.php?rest_route=\/wp\/v2\/posts\/10932","targetHints":{"allow":["GET"]}}],"collection":[{"href":"https:\/\/scurtpe2.ro\/index.php?rest_route=\/wp\/v2\/posts"}],"about":[{"href":"https:\/\/scurtpe2.ro\/index.php?rest_route=\/wp\/v2\/types\/post"}],"author":[{"embeddable":true,"href":"https:\/\/scurtpe2.ro\/index.php?rest_route=\/wp\/v2\/users\/4"}],"replies":[{"embeddable":true,"href":"https:\/\/scurtpe2.ro\/index.php?rest_route=%2Fwp%2Fv2%2Fcomments&post=10932"}],"version-history":[{"count":0,"href":"https:\/\/scurtpe2.ro\/index.php?rest_route=\/wp\/v2\/posts\/10932\/revisions"}],"wp:featuredmedia":[{"embeddable":true,"href":"https:\/\/scurtpe2.ro\/index.php?rest_route=\/wp\/v2\/media\/8580"}],"wp:attachment":[{"href":"https:\/\/scurtpe2.ro\/index.php?rest_route=%2Fwp%2Fv2%2Fmedia&parent=10932"}],"wp:term":[{"taxonomy":"category","embeddable":true,"href":"https:\/\/scurtpe2.ro\/index.php?rest_route=%2Fwp%2Fv2%2Fcategories&post=10932"},{"taxonomy":"post_tag","embeddable":true,"href":"https:\/\/scurtpe2.ro\/index.php?rest_route=%2Fwp%2Fv2%2Ftags&post=10932"}],"curies":[{"name":"wp","href":"https:\/\/api.w.org\/{rel}","templated":true}]}}