{"id":10925,"date":"2021-01-05T19:53:06","date_gmt":"2021-01-05T16:53:06","guid":{"rendered":"http:\/\/www.scurtpe2.ro\/?p=10925"},"modified":"2021-01-05T19:53:06","modified_gmt":"2021-01-05T16:53:06","slug":"asistenta-ucisa-de-covid","status":"publish","type":"post","link":"https:\/\/scurtpe2.ro\/?p=10925","title":{"rendered":"ASISTENT\u0102 UCIS\u0102 DE COVID"},"content":{"rendered":"<p>Tragedie cumplit\u0103 \u00eentr-o familie din Buz\u0103u. O t\u00e2n\u0103r\u0103 asistent\u0103 de la Unitatea Primiri Urgen\u021be a Spitalului Jude\u021bean a murit, \u00een aceast\u0103 diminea\u021b\u0103, ucis\u0103 de Covid, la un spital din Capital\u0103, la c\u00e2teva zile dup\u0103 ce n\u0103scuse prematur. Adelina Andrei, \u00een v\u00e2rst\u0103 de 32 de ani, fusese diagnosticat\u0103 cu Sars-Cov-2 \u00een data de 21 decembrie, \u00eens\u0103 a decis s\u0103 se trateze la domiciliu. Pe data de 30 decembrie, t\u00e2n\u0103ra a ajuns \u00eens\u0103 la U.P.U., deoarece starea sa de s\u0103n\u0103tate se \u00eenr\u0103ut\u0103\u021bise.<\/p>\n<p>La Maternitatea Bucur din Capital\u0103, Adelina a n\u0103scut un copil de aproape 2000 de grame, fiind apoi transferat\u0103 la Spitalul Pantelimon, unde starea ei de s\u0103n\u0103tate p\u0103rea c\u0103 se amelioreaz\u0103. Din p\u0103cate, asistenta a pierdut lupta cu coronavirusul \u0219i a decedat \u00een aceast\u0103 diminea\u021b\u0103.<\/p>\n<p>Moartea Adelinei i-a \u0219ocat pe colegii s\u0103i din Spitalul Jude\u021bean Buz\u0103u. T\u00e2n\u0103ra era angajata spitalului din 2016.<\/p>\n","protected":false},"excerpt":{"rendered":"<p>Tragedie cumplit\u0103 \u00eentr-o familie din Buz\u0103u. O t\u00e2n\u0103r\u0103 asistent\u0103 de la Unitatea Primiri Urgen\u021be a Spitalului Jude\u021bean a murit, \u00een aceast\u0103 diminea\u021b\u0103, ucis\u0103 de Covid, la un spital din Capital\u0103, la c\u00e2teva zile dup\u0103 ce n\u0103scuse prematur. Adelina Andrei, \u00een v\u00e2rst\u0103 de 32 de ani, fusese diagnosticat\u0103 cu Sars-Cov-2 \u00een data de 21 decembrie, \u00eens\u0103 a decis s\u0103 se trateze la domiciliu. Pe data de 30 decembrie, t\u00e2n\u0103ra a ajuns \u00eens\u0103 la U.P.U., deoarece starea sa de s\u0103n\u0103tate se \u00eenr\u0103ut\u0103\u021bise. La Maternitatea Bucur din Capital\u0103, Adelina a n\u0103scut un copil&hellip;<\/p>\n","protected":false},"author":4,"featured_media":10928,"comment_status":"closed","ping_status":"closed","sticky":false,"template":"","format":"standard","meta":{"footnotes":""},"categories":[168,143],"tags":[3630,3636,189,3633,264],"class_list":["post-10925","post","type-post","status-publish","format-standard","has-post-thumbnail","hentry","category-informatia-de-buzau","category-editoriale","tag-adelina-andrei","tag-asistenta-medicala","tag-coronavirus","tag-prematur","tag-spital-judetean"],"gutentor_comment":0,"_links":{"self":[{"href":"https:\/\/scurtpe2.ro\/index.php?rest_route=\/wp\/v2\/posts\/10925","targetHints":{"allow":["GET"]}}],"collection":[{"href":"https:\/\/scurtpe2.ro\/index.php?rest_route=\/wp\/v2\/posts"}],"about":[{"href":"https:\/\/scurtpe2.ro\/index.php?rest_route=\/wp\/v2\/types\/post"}],"author":[{"embeddable":true,"href":"https:\/\/scurtpe2.ro\/index.php?rest_route=\/wp\/v2\/users\/4"}],"replies":[{"embeddable":true,"href":"https:\/\/scurtpe2.ro\/index.php?rest_route=%2Fwp%2Fv2%2Fcomments&post=10925"}],"version-history":[{"count":0,"href":"https:\/\/scurtpe2.ro\/index.php?rest_route=\/wp\/v2\/posts\/10925\/revisions"}],"wp:featuredmedia":[{"embeddable":true,"href":"https:\/\/scurtpe2.ro\/index.php?rest_route=\/wp\/v2\/media\/10928"}],"wp:attachment":[{"href":"https:\/\/scurtpe2.ro\/index.php?rest_route=%2Fwp%2Fv2%2Fmedia&parent=10925"}],"wp:term":[{"taxonomy":"category","embeddable":true,"href":"https:\/\/scurtpe2.ro\/index.php?rest_route=%2Fwp%2Fv2%2Fcategories&post=10925"},{"taxonomy":"post_tag","embeddable":true,"href":"https:\/\/scurtpe2.ro\/index.php?rest_route=%2Fwp%2Fv2%2Ftags&post=10925"}],"curies":[{"name":"wp","href":"https:\/\/api.w.org\/{rel}","templated":true}]}}