{"id":10919,"date":"2021-01-05T19:47:33","date_gmt":"2021-01-05T16:47:33","guid":{"rendered":"http:\/\/www.scurtpe2.ro\/?p=10919"},"modified":"2021-01-05T19:47:33","modified_gmt":"2021-01-05T16:47:33","slug":"demersuri-continuate","status":"publish","type":"post","link":"https:\/\/scurtpe2.ro\/?p=10919","title":{"rendered":"DEMERSURI CONTINUATE"},"content":{"rendered":"<p class=\"yiv0387669140ydpd2f41200msonormal\" style=\"background: white;\"><span lang=\"EN-US\" style=\"font-size: 18.0pt;\">Autorit\u0103\u021bile din Rm. S\u0103rat sper\u0103 ca Spitalul Municipal s\u0103 se redeschid\u0103 odat\u0103 cu sc\u0103derea num\u0103rului de infectari cu noul coronavirus. Reprezentan\u021bii Prim\u0103riei spun c\u0103 vor continua\u00c2\u00a0demersurile pentru redeschiderea unit\u0103\u021bii medicale, lucru solicitat, at\u00e2t de pacien\u021bii din zona R\u00e2mnicu S\u0103rat, c\u00e2t \u0219i de personalul\u00c2\u00a0din spital.<\/span><\/p>\n<p class=\"yiv0387669140ydpd2f41200msonormal\" style=\"background: white;\"><span lang=\"EN-US\" style=\"font-size: 18.0pt;\">\u00cen toamna anului 2020, medicii chirurgi, ortopezi \u0219i ginecologi, care nu \u00ee\u0219i mai practicaser\u0103 meseria de nou\u0103 luni, s-au al\u0103turat demersului de redeschidere a spitalului, pentru tratarea tuturor pacien\u021bilor din R\u00e2mnic \u0219i din comunele limitrofe. Bolnavii\u00c2\u00a0au r\u0103mas f\u0103r\u0103 servicii medicale de la sf\u00e2r\u0219itul lunii martie a anului trecut. De atunci, oamenii sunt nevoi\u021bi s\u0103 se adreseze clinicilor private sau altor unit\u0103\u021bi medicale din jude\u021bele vecine.<\/span><\/p>\n","protected":false},"excerpt":{"rendered":"<p>Autorit\u0103\u021bile din Rm. S\u0103rat sper\u0103 ca Spitalul Municipal s\u0103 se redeschid\u0103 odat\u0103 cu sc\u0103derea num\u0103rului de infectari cu noul coronavirus. Reprezentan\u021bii Prim\u0103riei spun c\u0103 vor continua\u00c2\u00a0demersurile pentru redeschiderea unit\u0103\u021bii medicale, lucru solicitat, at\u00e2t de pacien\u021bii din zona R\u00e2mnicu S\u0103rat, c\u00e2t \u0219i de personalul\u00c2\u00a0din spital. \u00cen toamna anului 2020, medicii chirurgi, ortopezi \u0219i ginecologi, care nu \u00ee\u0219i mai practicaser\u0103 meseria de nou\u0103 luni, s-au al\u0103turat demersului de redeschidere a spitalului, pentru tratarea tuturor pacien\u021bilor din R\u00e2mnic \u0219i din comunele limitrofe. Bolnavii\u00c2\u00a0au r\u0103mas f\u0103r\u0103 servicii medicale de la sf\u00e2r\u0219itul lunii martie a&hellip;<\/p>\n","protected":false},"author":4,"featured_media":8149,"comment_status":"closed","ping_status":"closed","sticky":false,"template":"","format":"standard","meta":{"footnotes":""},"categories":[173,165],"tags":[233,198,275,1648],"class_list":["post-10919","post","type-post","status-publish","format-standard","has-post-thumbnail","hentry","category-administrativ","category-informatia-de-ramnic","tag-medici","tag-pacienti","tag-pandemie","tag-spital-covid"],"gutentor_comment":0,"_links":{"self":[{"href":"https:\/\/scurtpe2.ro\/index.php?rest_route=\/wp\/v2\/posts\/10919","targetHints":{"allow":["GET"]}}],"collection":[{"href":"https:\/\/scurtpe2.ro\/index.php?rest_route=\/wp\/v2\/posts"}],"about":[{"href":"https:\/\/scurtpe2.ro\/index.php?rest_route=\/wp\/v2\/types\/post"}],"author":[{"embeddable":true,"href":"https:\/\/scurtpe2.ro\/index.php?rest_route=\/wp\/v2\/users\/4"}],"replies":[{"embeddable":true,"href":"https:\/\/scurtpe2.ro\/index.php?rest_route=%2Fwp%2Fv2%2Fcomments&post=10919"}],"version-history":[{"count":0,"href":"https:\/\/scurtpe2.ro\/index.php?rest_route=\/wp\/v2\/posts\/10919\/revisions"}],"wp:featuredmedia":[{"embeddable":true,"href":"https:\/\/scurtpe2.ro\/index.php?rest_route=\/wp\/v2\/media\/8149"}],"wp:attachment":[{"href":"https:\/\/scurtpe2.ro\/index.php?rest_route=%2Fwp%2Fv2%2Fmedia&parent=10919"}],"wp:term":[{"taxonomy":"category","embeddable":true,"href":"https:\/\/scurtpe2.ro\/index.php?rest_route=%2Fwp%2Fv2%2Fcategories&post=10919"},{"taxonomy":"post_tag","embeddable":true,"href":"https:\/\/scurtpe2.ro\/index.php?rest_route=%2Fwp%2Fv2%2Ftags&post=10919"}],"curies":[{"name":"wp","href":"https:\/\/api.w.org\/{rel}","templated":true}]}}