{"id":10888,"date":"2021-01-04T18:59:09","date_gmt":"2021-01-04T15:59:09","guid":{"rendered":"http:\/\/www.scurtpe2.ro\/?p=10888"},"modified":"2021-01-04T18:59:09","modified_gmt":"2021-01-04T15:59:09","slug":"prima-vaccinare-anti-covid","status":"publish","type":"post","link":"https:\/\/scurtpe2.ro\/?p=10888","title":{"rendered":"PRIMA VACCINARE ANTI-COVID"},"content":{"rendered":"<p>Campania de vaccinare anti-COVID, care vizeaz\u0103 mai \u00eent\u00e2i personalul din marile spitale, s-a extins \u00een toat\u0103 \u021bara, mai devreme dec\u00e2t au prev\u0103zut autorit\u0103\u021bile. La Buz\u0103u, primul vaccinat a fost \u0219eful sec\u021biei de Boli infec\u021bioase a Spitalului Jude\u021bean. Medicul Bogdan Micu a mers ast\u0103zi la centrul amenajat \u00een incinta Ambulatoriului din Spitalul Jude\u021bean pentru a da startul campaniei de imunizare. El a m\u0103rturisit c\u0103 a sc\u0103pat de emo\u021bii, dup\u0103 ce \u0219i-a consultat colegii din \u021bar\u0103 care s-au vaccinat \u00een prima etap\u0103.<\/p>\n<p>Bogdan Micu coordoneaz\u0103 sec\u021bia de Boli Infec\u021bioase a Spitalului Jude\u021bean din Buz\u0103u, sec\u021bie care \u00eengrije\u0219te de peste zece luni bolnavi cu COVID-19. Mul\u021bi dintre pacien\u021bii s\u0103i au fost cadre medicale, categorie aflat\u0103 \u00een prima linie a luptei \u00eempotriva pandemiei.<\/p>\n<p>Tot un medic, Iulian Coliof, a primit cel de-al doilea vaccin administrat \u00een jude\u021bul Buz\u0103u. La \u00eenceputul pandemiei, doctorul a fost internat la Boli Infec\u021bioase dup\u0103 ce a contractat noul coronavirus.<\/p>\n<p>Mai pu\u021bin de 400 de cadre medicale din jude\u021bul Buz\u0103u s-au \u00eenscris deocamdat\u0103 pentru campania de vaccinare care a debutat luni. Din primul lot de 975 de vaccinuri, c\u00e2te au fost comandate, mai mult de jum\u0103tate au fost distribuite spitalelor de la R\u00e2mnicu S\u0103rat, S\u0103poca, Smeeni \u0219i Nehoiu. Spitalul de la R\u00e2mnicu S\u0103rat, unitate COVID, a primit, deocamdat\u0103, doar 100 de doze.<\/p>\n<p>P\u00e2n\u0103 vineri, toate cele aproape 1.000 de doze alocate \u00een prima etap\u0103 Buz\u0103ului vor fi utilizate pentru imunizarea cadrelor medicale din jude\u021b.<\/p>\n","protected":false},"excerpt":{"rendered":"<p>Campania de vaccinare anti-COVID, care vizeaz\u0103 mai \u00eent\u00e2i personalul din marile spitale, s-a extins \u00een toat\u0103 \u021bara, mai devreme dec\u00e2t au prev\u0103zut autorit\u0103\u021bile. La Buz\u0103u, primul vaccinat a fost \u0219eful sec\u021biei de Boli infec\u021bioase a Spitalului Jude\u021bean. Medicul Bogdan Micu a mers ast\u0103zi la centrul amenajat \u00een incinta Ambulatoriului din Spitalul Jude\u021bean pentru a da startul campaniei de imunizare. El a m\u0103rturisit c\u0103 a sc\u0103pat de emo\u021bii, dup\u0103 ce \u0219i-a consultat colegii din \u021bar\u0103 care s-au vaccinat \u00een prima etap\u0103. Bogdan Micu coordoneaz\u0103 sec\u021bia de Boli Infec\u021bioase a Spitalului Jude\u021bean&hellip;<\/p>\n","protected":false},"author":4,"featured_media":10890,"comment_status":"closed","ping_status":"closed","sticky":false,"template":"","format":"standard","meta":{"footnotes":""},"categories":[168],"tags":[203,256,233,3353],"class_list":["post-10888","post","type-post","status-publish","format-standard","has-post-thumbnail","hentry","category-informatia-de-buzau","tag-buzau","tag-covid-19","tag-medici","tag-vaccin"],"gutentor_comment":0,"_links":{"self":[{"href":"https:\/\/scurtpe2.ro\/index.php?rest_route=\/wp\/v2\/posts\/10888","targetHints":{"allow":["GET"]}}],"collection":[{"href":"https:\/\/scurtpe2.ro\/index.php?rest_route=\/wp\/v2\/posts"}],"about":[{"href":"https:\/\/scurtpe2.ro\/index.php?rest_route=\/wp\/v2\/types\/post"}],"author":[{"embeddable":true,"href":"https:\/\/scurtpe2.ro\/index.php?rest_route=\/wp\/v2\/users\/4"}],"replies":[{"embeddable":true,"href":"https:\/\/scurtpe2.ro\/index.php?rest_route=%2Fwp%2Fv2%2Fcomments&post=10888"}],"version-history":[{"count":0,"href":"https:\/\/scurtpe2.ro\/index.php?rest_route=\/wp\/v2\/posts\/10888\/revisions"}],"wp:featuredmedia":[{"embeddable":true,"href":"https:\/\/scurtpe2.ro\/index.php?rest_route=\/wp\/v2\/media\/10890"}],"wp:attachment":[{"href":"https:\/\/scurtpe2.ro\/index.php?rest_route=%2Fwp%2Fv2%2Fmedia&parent=10888"}],"wp:term":[{"taxonomy":"category","embeddable":true,"href":"https:\/\/scurtpe2.ro\/index.php?rest_route=%2Fwp%2Fv2%2Fcategories&post=10888"},{"taxonomy":"post_tag","embeddable":true,"href":"https:\/\/scurtpe2.ro\/index.php?rest_route=%2Fwp%2Fv2%2Ftags&post=10888"}],"curies":[{"name":"wp","href":"https:\/\/api.w.org\/{rel}","templated":true}]}}