{"id":10875,"date":"2021-01-04T18:52:04","date_gmt":"2021-01-04T15:52:04","guid":{"rendered":"http:\/\/www.scurtpe2.ro\/?p=10875"},"modified":"2021-01-04T18:52:04","modified_gmt":"2021-01-04T15:52:04","slug":"optimism-la-inceput-de-an","status":"publish","type":"post","link":"https:\/\/scurtpe2.ro\/?p=10875","title":{"rendered":"OPTIMISM LA \u00ceNCEPUT DE AN"},"content":{"rendered":"<p class=\"yiv2233086225ydp6dfcf0camsonormal\" style=\"background: white;\"><span lang=\"EN-US\" style=\"font-size: 18.0pt;\">La \u00eenceput de an, primarul municipiului Rm. S\u0103rat, Sorin C\u00eerjan, ureaz\u0103 locuitorilor ora\u0219ului ,,La multi ani&#8221;\u009d. El sper\u0103 ca 2021 s\u0103 fie un an c\u00e2t mai bun pentru \u00eentreaga comunitate. Edilul este mul\u021bumit c\u0103 anul 2020 s-a \u00eencheiat f\u0103r\u0103 incidente majore, iar Rm. S\u0103rat r\u0103m\u00e2ne \u00een continuare un ora\u0219 sigur.<\/span><\/p>\n<p class=\"yiv2233086225ydp6dfcf0camsonormal\" style=\"background: white;\"><span lang=\"EN-US\" style=\"font-size: 18.0pt;\">Primarul din Rm. S\u0103rat consider\u0103 c\u0103, la finalul lui 2020 ar fi fost binevenit\u0103 o rectificare bugetar\u0103, dar \u0219i \u00een lipsa acesteia anul a fost \u00eencheiat cu bine.<\/span><\/p>\n<p class=\"yiv2233086225ydp6dfcf0camsonormal\" style=\"background: white;\"><span lang=\"EN-US\" style=\"font-size: 18.0pt;\">Sorin C\u00eerjan sper\u0103 ca acest an s\u0103 fie lini\u0219tit, f\u0103r\u0103 probleme cauzate de pandemie, iar \u00een ora\u0219 s\u0103 fie duse la bun sf\u00e2r\u0219it toate proiectele propuse.<\/span><\/p>\n<p class=\"yiv2233086225ydp6dfcf0camsonormal\" style=\"background: white;\"><span lang=\"EN-US\" style=\"font-size: 18.0pt;\">Autorit\u0103\u021bile din Rm S\u0103rat \u0219i-au propus pentru acest an realizarea mai multor investi\u021bii, \u00een special \u00een infrastructur\u0103.<\/span><\/p>\n","protected":false},"excerpt":{"rendered":"<p>La \u00eenceput de an, primarul municipiului Rm. S\u0103rat, Sorin C\u00eerjan, ureaz\u0103 locuitorilor ora\u0219ului ,,La multi ani&#8221;\u009d. El sper\u0103 ca 2021 s\u0103 fie un an c\u00e2t mai bun pentru \u00eentreaga comunitate. Edilul este mul\u021bumit c\u0103 anul 2020 s-a \u00eencheiat f\u0103r\u0103 incidente majore, iar Rm. S\u0103rat r\u0103m\u00e2ne \u00een continuare un ora\u0219 sigur. Primarul din Rm. S\u0103rat consider\u0103 c\u0103, la finalul lui 2020 ar fi fost binevenit\u0103 o rectificare bugetar\u0103, dar \u0219i \u00een lipsa acesteia anul a fost \u00eencheiat cu bine. Sorin C\u00eerjan sper\u0103 ca acest an s\u0103 fie lini\u0219tit, f\u0103r\u0103 probleme cauzate&hellip;<\/p>\n","protected":false},"author":4,"featured_media":9397,"comment_status":"closed","ping_status":"closed","sticky":false,"template":"","format":"standard","meta":{"footnotes":""},"categories":[165],"tags":[574,2257,247,698],"class_list":["post-10875","post","type-post","status-publish","format-standard","has-post-thumbnail","hentry","category-informatia-de-ramnic","tag-buget","tag-proiecte","tag-rm-sarat","tag-sorin-cirjan"],"gutentor_comment":0,"_links":{"self":[{"href":"https:\/\/scurtpe2.ro\/index.php?rest_route=\/wp\/v2\/posts\/10875","targetHints":{"allow":["GET"]}}],"collection":[{"href":"https:\/\/scurtpe2.ro\/index.php?rest_route=\/wp\/v2\/posts"}],"about":[{"href":"https:\/\/scurtpe2.ro\/index.php?rest_route=\/wp\/v2\/types\/post"}],"author":[{"embeddable":true,"href":"https:\/\/scurtpe2.ro\/index.php?rest_route=\/wp\/v2\/users\/4"}],"replies":[{"embeddable":true,"href":"https:\/\/scurtpe2.ro\/index.php?rest_route=%2Fwp%2Fv2%2Fcomments&post=10875"}],"version-history":[{"count":0,"href":"https:\/\/scurtpe2.ro\/index.php?rest_route=\/wp\/v2\/posts\/10875\/revisions"}],"wp:featuredmedia":[{"embeddable":true,"href":"https:\/\/scurtpe2.ro\/index.php?rest_route=\/wp\/v2\/media\/9397"}],"wp:attachment":[{"href":"https:\/\/scurtpe2.ro\/index.php?rest_route=%2Fwp%2Fv2%2Fmedia&parent=10875"}],"wp:term":[{"taxonomy":"category","embeddable":true,"href":"https:\/\/scurtpe2.ro\/index.php?rest_route=%2Fwp%2Fv2%2Fcategories&post=10875"},{"taxonomy":"post_tag","embeddable":true,"href":"https:\/\/scurtpe2.ro\/index.php?rest_route=%2Fwp%2Fv2%2Ftags&post=10875"}],"curies":[{"name":"wp","href":"https:\/\/api.w.org\/{rel}","templated":true}]}}