{"id":10862,"date":"2020-12-28T17:18:36","date_gmt":"2020-12-28T14:18:36","guid":{"rendered":"http:\/\/www.scurtpe2.ro\/?p=10862"},"modified":"2021-01-04T17:20:09","modified_gmt":"2021-01-04T14:20:09","slug":"cardurile-pentru-masa-calda-functionale","status":"publish","type":"post","link":"https:\/\/scurtpe2.ro\/?p=10862","title":{"rendered":"CARDURILE PENTRU MAS\u0102 CALD\u0102, FUNC\u021aIONALE"},"content":{"rendered":"<p>Veste bun\u0103 pentru persoanele din Rm. S\u0103rat de peste 75 de ani \u0219i cu venituri sub 800 de lei, care beneficiaz\u0103 de carduri electronice pentru mas\u0103 cald\u0103. Tichetele pot fi folosite, dup\u0103 ce 3 firme din municipiu s-au \u00eenscris \u00een program \u0219i pot asigura hran\u0103 cald\u0103 pentru beneficiari.<\/p>\n<p>V\u00e2rstnicii, care vor s\u0103 afle mai multe informa\u021bii cu privire la firmele care furnizeaz\u0103 mas\u0103 cald\u0103, pot contacta Direc\u021bia de Asisten\u021b\u0103 Social\u0103 la numarul 0238567010.<\/p>\n<p>La \u00eenceputul lunii decembrie, 156 de v\u00e2rstnici din municipiul Rm. S\u0103rat, beneficiari ai programului, au constatat c\u0103 tichetele electronice pentru mas\u0103 cald\u0103 nu sunt func\u021bionale. Firma care a c\u00e2\u0219tigat licita\u021bia a informat Direc\u021bia de Asisten\u021b\u0103 Social\u0103 c\u0103 to\u021bi cei patru agen\u021bi economici care ar fi trebuit s\u0103 asigure hrana pentru beneficiari nu puteau fi parteneri ai programului, pentru c\u0103 nu furnizau mas\u0103 cald\u0103. Acum, \u00een program s-au \u00eenscris alte firme din municipiu, care pot oferi oamenilor hran\u0103 cald\u0103.<\/p>\n","protected":false},"excerpt":{"rendered":"<p>Veste bun\u0103 pentru persoanele din Rm. S\u0103rat de peste 75 de ani \u0219i cu venituri sub 800 de lei, care beneficiaz\u0103 de carduri electronice pentru mas\u0103 cald\u0103. Tichetele pot fi folosite, dup\u0103 ce 3 firme din municipiu s-au \u00eenscris \u00een program \u0219i pot asigura hran\u0103 cald\u0103 pentru beneficiari. V\u00e2rstnicii, care vor s\u0103 afle mai multe informa\u021bii cu privire la firmele care furnizeaz\u0103 mas\u0103 cald\u0103, pot contacta Direc\u021bia de Asisten\u021b\u0103 Social\u0103 la numarul 0238567010. La \u00eenceputul lunii decembrie, 156 de v\u00e2rstnici din municipiul Rm. S\u0103rat, beneficiari ai programului, au constatat c\u0103&hellip;<\/p>\n","protected":false},"author":4,"featured_media":10654,"comment_status":"closed","ping_status":"closed","sticky":false,"template":"","format":"standard","meta":{"footnotes":""},"categories":[173,165],"tags":[2947,2925,862],"class_list":["post-10862","post","type-post","status-publish","format-standard","has-post-thumbnail","hentry","category-administrativ","category-informatia-de-ramnic","tag-masa-calda","tag-tichete","tag-varstnici"],"gutentor_comment":0,"_links":{"self":[{"href":"https:\/\/scurtpe2.ro\/index.php?rest_route=\/wp\/v2\/posts\/10862","targetHints":{"allow":["GET"]}}],"collection":[{"href":"https:\/\/scurtpe2.ro\/index.php?rest_route=\/wp\/v2\/posts"}],"about":[{"href":"https:\/\/scurtpe2.ro\/index.php?rest_route=\/wp\/v2\/types\/post"}],"author":[{"embeddable":true,"href":"https:\/\/scurtpe2.ro\/index.php?rest_route=\/wp\/v2\/users\/4"}],"replies":[{"embeddable":true,"href":"https:\/\/scurtpe2.ro\/index.php?rest_route=%2Fwp%2Fv2%2Fcomments&post=10862"}],"version-history":[{"count":0,"href":"https:\/\/scurtpe2.ro\/index.php?rest_route=\/wp\/v2\/posts\/10862\/revisions"}],"wp:featuredmedia":[{"embeddable":true,"href":"https:\/\/scurtpe2.ro\/index.php?rest_route=\/wp\/v2\/media\/10654"}],"wp:attachment":[{"href":"https:\/\/scurtpe2.ro\/index.php?rest_route=%2Fwp%2Fv2%2Fmedia&parent=10862"}],"wp:term":[{"taxonomy":"category","embeddable":true,"href":"https:\/\/scurtpe2.ro\/index.php?rest_route=%2Fwp%2Fv2%2Fcategories&post=10862"},{"taxonomy":"post_tag","embeddable":true,"href":"https:\/\/scurtpe2.ro\/index.php?rest_route=%2Fwp%2Fv2%2Ftags&post=10862"}],"curies":[{"name":"wp","href":"https:\/\/api.w.org\/{rel}","templated":true}]}}