{"id":10440,"date":"2020-11-30T19:07:34","date_gmt":"2020-11-30T16:07:34","guid":{"rendered":"http:\/\/www.scurtpe2.ro\/?p=10440"},"modified":"2020-11-30T19:07:34","modified_gmt":"2020-11-30T16:07:34","slug":"medici-rezidenti-voluntari-la-spitalul-judetean","status":"publish","type":"post","link":"https:\/\/scurtpe2.ro\/?p=10440","title":{"rendered":"MEDICI REZIDEN\u021aI, VOLUNTARI LA SPITALUL JUDE\u021aEAN"},"content":{"rendered":"<p>Medicii din Spitalul Jude\u021bean Buz\u0103u, care \u00eengrijesc pacien\u021bii bolnavi de COVID-19, primesc ajutoare! Departamentul pentru Situa\u021bii de Urgen\u021b\u0103 a semnat primele ordine de repartizare a studen\u021bilor voluntari \u00een diferite spitale din \u021bar\u0103. Astfel, 13 medici reziden\u021bi vor lucra, de luna viitoare, \u00een sec\u021biile Spitalului Jude\u021bean, \u00een care sunt trata\u021bi pacien\u021bii infecta\u021bi cu virusul Sars-Cov-2.<\/p>\n<p>Pre\u0219edintele Consiliului Jude\u021bean Buz\u0103u anun\u021b\u0103 c\u0103 autorit\u0103\u021bile jude\u021bene le vor asigura celor 13 voluntari, to\u021bi studen\u021bi la Medicin\u0103, cheltuielile de cazare \u0219i mas\u0103. Petre Emanoil Neagu spune, \u00eens\u0103, c\u0103 aceste costuri ar trebui suportate de c\u0103tre Guvern, \u0219i nu de c\u0103tre autorit\u0103\u021bile locale.<\/p>\n<p>\u00cen total, peste 2.000 de studen\u021bi la medicin\u0103 din \u021bar\u0103 s-au \u00eenscris \u00een programul de sprijin al cadrelor medicale \u00een lupta cu noul coronavirus. \u00cen perioada urm\u0103toare, vor fi semnate alte ordine de repartizare a studen\u021bilor voluntari \u00een mai multe unit\u0103\u021bi sanitare din \u021bar\u0103.<\/p>\n","protected":false},"excerpt":{"rendered":"<p>Medicii din Spitalul Jude\u021bean Buz\u0103u, care \u00eengrijesc pacien\u021bii bolnavi de COVID-19, primesc ajutoare! Departamentul pentru Situa\u021bii de Urgen\u021b\u0103 a semnat primele ordine de repartizare a studen\u021bilor voluntari \u00een diferite spitale din \u021bar\u0103. Astfel, 13 medici reziden\u021bi vor lucra, de luna viitoare, \u00een sec\u021biile Spitalului Jude\u021bean, \u00een care sunt trata\u021bi pacien\u021bii infecta\u021bi cu virusul Sars-Cov-2. Pre\u0219edintele Consiliului Jude\u021bean Buz\u0103u anun\u021b\u0103 c\u0103 autorit\u0103\u021bile jude\u021bene le vor asigura celor 13 voluntari, to\u021bi studen\u021bi la Medicin\u0103, cheltuielile de cazare \u0219i mas\u0103. Petre Emanoil Neagu spune, \u00eens\u0103, c\u0103 aceste costuri ar trebui suportate de c\u0103tre&hellip;<\/p>\n","protected":false},"author":4,"featured_media":8102,"comment_status":"closed","ping_status":"closed","sticky":false,"template":"","format":"standard","meta":{"footnotes":""},"categories":[173,168],"tags":[523,397,3398,3401,557],"class_list":["post-10440","post","type-post","status-publish","format-standard","has-post-thumbnail","hentry","category-administrativ","category-informatia-de-buzau","tag-consiliu-judetean","tag-covid","tag-medici-rezidenti","tag-spital-judtean","tag-voluntari"],"gutentor_comment":0,"_links":{"self":[{"href":"https:\/\/scurtpe2.ro\/index.php?rest_route=\/wp\/v2\/posts\/10440","targetHints":{"allow":["GET"]}}],"collection":[{"href":"https:\/\/scurtpe2.ro\/index.php?rest_route=\/wp\/v2\/posts"}],"about":[{"href":"https:\/\/scurtpe2.ro\/index.php?rest_route=\/wp\/v2\/types\/post"}],"author":[{"embeddable":true,"href":"https:\/\/scurtpe2.ro\/index.php?rest_route=\/wp\/v2\/users\/4"}],"replies":[{"embeddable":true,"href":"https:\/\/scurtpe2.ro\/index.php?rest_route=%2Fwp%2Fv2%2Fcomments&post=10440"}],"version-history":[{"count":0,"href":"https:\/\/scurtpe2.ro\/index.php?rest_route=\/wp\/v2\/posts\/10440\/revisions"}],"wp:featuredmedia":[{"embeddable":true,"href":"https:\/\/scurtpe2.ro\/index.php?rest_route=\/wp\/v2\/media\/8102"}],"wp:attachment":[{"href":"https:\/\/scurtpe2.ro\/index.php?rest_route=%2Fwp%2Fv2%2Fmedia&parent=10440"}],"wp:term":[{"taxonomy":"category","embeddable":true,"href":"https:\/\/scurtpe2.ro\/index.php?rest_route=%2Fwp%2Fv2%2Fcategories&post=10440"},{"taxonomy":"post_tag","embeddable":true,"href":"https:\/\/scurtpe2.ro\/index.php?rest_route=%2Fwp%2Fv2%2Ftags&post=10440"}],"curies":[{"name":"wp","href":"https:\/\/api.w.org\/{rel}","templated":true}]}}