{"id":10063,"date":"2020-11-05T20:17:20","date_gmt":"2020-11-05T17:17:20","guid":{"rendered":"http:\/\/www.scurtpe2.ro\/?p=10063"},"modified":"2020-11-06T20:18:38","modified_gmt":"2020-11-06T17:18:38","slug":"noi-solicitari","status":"publish","type":"post","link":"https:\/\/scurtpe2.ro\/?p=10063","title":{"rendered":"NOI SOLICIT\u0102RI"},"content":{"rendered":"<p class=\"yiv2897292272ydp28b7ef93msonormal\"><span lang=\"EN-US\" style=\"font-size: 18.0pt;\">Autorit\u0103\u021bile din Rm S\u0103rat acuz\u0103 Ministerul S\u0103n\u0103tatii \u0219i Directia de Sanatate Publica Buzau de indiferen\u021b\u0103 \u00een privin\u021ba Spitalului Municipal. Chiar dac\u0103 Prim\u0103ria Rm. S\u0103rat \u0219i conducerea Spitalului Municipal au ini\u021biat numeroase demersuri, \u00eenc\u0103 de la sfarsitul lunii septembrie, in vederea redeschiderii unitatii medicale pentru toti pacientii, autorit\u0103\u021bile sanitare nu au au oferit vreun r\u0103spuns. Reprezentan\u021bii Prim\u0103riei Rm S\u0103rat consider\u0103 c\u0103 redeschiderea spitalului si pentru pacientii non- Covid este dezideratul major atat al populatiei, cat si al intregului colectiv medical al unit\u0103\u021bii medicale.<\/span><\/p>\n<p class=\"yiv2897292272ydp28b7ef93msolistparagraph\"><span lang=\"EN-US\" style=\"font-size: 18.0pt;\">Autorit\u0103\u021bile din Rm. S\u0103rat considera ca este dreptul locuitorilor ora\u0219ului de a solicita redeschiderea unitatii si asigurarea serviciilor medicale:<\/span><\/p>\n<p class=\"yiv2897292272ydp28b7ef93msonormal\"><span lang=\"EN-US\" style=\"font-size: 18.0pt;\">Primarul ii solicita Ministrului Sanatatii sa permita medicilor din Spitalul Municipal sa trateze si pacientii cronici, \u00een condi\u021biile \u00een care acela\u0219i minister consider\u0103 c\u0103 situa\u021bia epidemiologic\u0103 este stabila si permite organizarea, f\u0103r\u0103 probleme, a alegerilor parlamentare.<\/span><\/p>\n<p class=\"yiv2897292272ydp28b7ef93msonormal\"><span lang=\"EN-US\" style=\"font-size: 18.0pt;\">Managerul Spitalului Municipal Rm S\u0103rat precizeaza ca \u0219i personalul medical solicit\u0103 redeschiderea unit\u0103\u021bii medicale, av\u00e2nd \u00een vedere c\u0103, de opt luni, medicii chirurgi, ortopezi \u0219i ginecologi nu si-au practicat meseria, tratand doar cazuri de COVID-19.<\/span><\/p>\n<p class=\"yiv2897292272ydp28b7ef93msonormal\"><span lang=\"EN-US\" style=\"font-size: 18.0pt;\">De la sfarsitul lunii martie, atat ramnicenii, cat si locuitorii comunelor limitrofe au fost nevoiti sa se adreseze clinicilor si cabinetelor private.<\/span><\/p>\n<p class=\"yiv2897292272ydp28b7ef93msonormal\"><span lang=\"EN-US\" style=\"font-size: 18.0pt;\">Primarul Sorin C\u00eerjan solicita, din nou, public, Ministerului Sanatatii si Directiei de Sanatate Publica Buzau sa sa tina cont de situatia pacientilor din zona Rm. S\u0103rat:<\/span><\/p>\n<p class=\"yiv2897292272ydp28b7ef93msonormal\"><span lang=\"EN-US\" style=\"font-size: 18.0pt;\">Astazi, la spitalul din Rm. Sarat erau internati 90 de pacienti. Demersurile pentru redeschiderea unitatii medicale au fost demarcate c\u00e2nd \u00een spital erau internati doar 31 de pacienti, iar situa\u021bia era stabil\u0103.<\/span><\/p>\n","protected":false},"excerpt":{"rendered":"<p>Autorit\u0103\u021bile din Rm S\u0103rat acuz\u0103 Ministerul S\u0103n\u0103tatii \u0219i Directia de Sanatate Publica Buzau de indiferen\u021b\u0103 \u00een privin\u021ba Spitalului Municipal. Chiar dac\u0103 Prim\u0103ria Rm. S\u0103rat \u0219i conducerea Spitalului Municipal au ini\u021biat numeroase demersuri, \u00eenc\u0103 de la sfarsitul lunii septembrie, in vederea redeschiderii unitatii medicale pentru toti pacientii, autorit\u0103\u021bile sanitare nu au au oferit vreun r\u0103spuns. Reprezentan\u021bii Prim\u0103riei Rm S\u0103rat consider\u0103 c\u0103 redeschiderea spitalului si pentru pacientii non- Covid este dezideratul major atat al populatiei, cat si al intregului colectiv medical al unit\u0103\u021bii medicale. Autorit\u0103\u021bile din Rm. S\u0103rat considera ca este dreptul&hellip;<\/p>\n","protected":false},"author":4,"featured_media":8149,"comment_status":"closed","ping_status":"closed","sticky":false,"template":"","format":"standard","meta":{"footnotes":""},"categories":[173,165],"tags":[397,198,247,534,746],"class_list":["post-10063","post","type-post","status-publish","format-standard","has-post-thumbnail","hentry","category-administrativ","category-informatia-de-ramnic","tag-covid","tag-pacienti","tag-rm-sarat","tag-sanatate","tag-spital-municipal"],"gutentor_comment":0,"_links":{"self":[{"href":"https:\/\/scurtpe2.ro\/index.php?rest_route=\/wp\/v2\/posts\/10063","targetHints":{"allow":["GET"]}}],"collection":[{"href":"https:\/\/scurtpe2.ro\/index.php?rest_route=\/wp\/v2\/posts"}],"about":[{"href":"https:\/\/scurtpe2.ro\/index.php?rest_route=\/wp\/v2\/types\/post"}],"author":[{"embeddable":true,"href":"https:\/\/scurtpe2.ro\/index.php?rest_route=\/wp\/v2\/users\/4"}],"replies":[{"embeddable":true,"href":"https:\/\/scurtpe2.ro\/index.php?rest_route=%2Fwp%2Fv2%2Fcomments&post=10063"}],"version-history":[{"count":0,"href":"https:\/\/scurtpe2.ro\/index.php?rest_route=\/wp\/v2\/posts\/10063\/revisions"}],"wp:featuredmedia":[{"embeddable":true,"href":"https:\/\/scurtpe2.ro\/index.php?rest_route=\/wp\/v2\/media\/8149"}],"wp:attachment":[{"href":"https:\/\/scurtpe2.ro\/index.php?rest_route=%2Fwp%2Fv2%2Fmedia&parent=10063"}],"wp:term":[{"taxonomy":"category","embeddable":true,"href":"https:\/\/scurtpe2.ro\/index.php?rest_route=%2Fwp%2Fv2%2Fcategories&post=10063"},{"taxonomy":"post_tag","embeddable":true,"href":"https:\/\/scurtpe2.ro\/index.php?rest_route=%2Fwp%2Fv2%2Ftags&post=10063"}],"curies":[{"name":"wp","href":"https:\/\/api.w.org\/{rel}","templated":true}]}}